{"id":16365,"date":"2021-06-07T12:48:27","date_gmt":"2021-06-07T12:48:27","guid":{"rendered":"https:\/\/oparanews.com.br\/?p=16365"},"modified":"2021-06-07T12:48:27","modified_gmt":"2021-06-07T12:48:27","slug":"fantastico-exibe-mensagens-de-odio-enviadas-a-luisa-sonza","status":"publish","type":"post","link":"https:\/\/www.oparanews.com.br\/index.php\/2021\/06\/07\/fantastico-exibe-mensagens-de-odio-enviadas-a-luisa-sonza\/","title":{"rendered":"\u201cFant\u00e1stico\u201d exibe mensagens de \u00f3dio enviadas \u00e0 Lu\u00edsa Sonza"},"content":{"rendered":"<p>Nesta semana, Lu\u00edsa Sonza se afastou das redes sociais depois de receber mensagens de \u00f3dio, que acusavam a cantora de ser respons\u00e1vel pela morte do filho de Whindersson Nunes, seu ex-marido. Neste domingo (06\/06), o \u201cFant\u00e1stico\u201d exibiu uma reportagem abordando o tema e mostrou algumas amea\u00e7as que a artista recebeu.<\/p>\n<p>Sonza recebeu fotos de armas e mensagens que amea\u00e7avam a ela e sua fam\u00edlia, algumas diziam que iam \u201cchamar a tropa\u201d e encontrar a artista. \u201cVou te desossar, tacar fogo em voc\u00ea\u201d, dizia um dos \u00e1udios enviados a cantora. \u201cRapariga, fuleira, filha da p*ta, desgra\u00e7ada. Vamos comer tua fam\u00edlia todinha viva\u201d, falava a voz de um homem em uma das mensagens reproduzidas no dominical.<\/p>\n<p>De acordo com a reportagem, Lu\u00edsa foi diagnosticada com depress\u00e3o e s\u00edndrome do p\u00e2nico em setembro de 2020. Depois da interven\u00e7\u00e3o de sua equipe, a cantora procurou aux\u00edlio jur\u00eddico e denunciou os ataques sofridos nas redes sociais.<\/p>\n<p>Logo ap\u00f3s a exibi\u00e7\u00e3o da reportagem na TV Globo, a frase \u201cJusti\u00e7a por Lu\u00edsa Sonza\u201d apareceu entre os assuntos mais comentados do Twitter. Os f\u00e3s da cantora se mobilizaram e pediram agilidade da justi\u00e7a para lidar com casos semelhantes aos da artista.<\/p>\n<p>Uma f\u00e3 brasileira encontrou a artista que est\u00e1 no M\u00e9xico, com o namorado Vit\u00e3o, depois de adiar o lan\u00e7amento de seu pr\u00f3ximo \u00e1lbum.<\/p>\n<p>Comunicado<\/p>\n<p>A assessoria de imprensa da artista comunicou \u00e0 imprensa, nesta sexta (4\/6), que o lan\u00e7amento foi adiado.<\/p>\n<p>\u201cAp\u00f3s os \u00faltimos acontecimentos relacionados \u00e0 cantora Lu\u00edsa Sonza, a artista ficar\u00e1 afastada das redes sociais por um tempo para cuidar de sua sa\u00fade mental, sendo prioridade agora. Aos f\u00e3s que estavam ansiosos pelo lan\u00e7amento do seu novo \u00e1lbum, informamos que este projeto que estava previsto para ser lan\u00e7ado no fim deste m\u00eas, ser\u00e1 adiado (ainda sem nova previs\u00e3o para lan\u00e7amento)\u201d, diz o comunicado.<\/p>\n<p>Redes sociais administradas pela equipe<\/p>\n<p>Lu\u00edsa Sonza est\u00e1 com o namorado Vit\u00e3o no M\u00e9xico, acompanhando-o em sua agenda profissional. Por ora, suas redes sociais ser\u00e3o administradas por sua equipe, para dar continuidade com os posts que fazem parte de contratos comerciais \u2013 os famosos publiposts. A assessoria da cantora afirma que, mesmo sem novos posts, ela continua sendo atacada.<\/p>\n<p>\u201cAproveitamos para ressaltar que Lu\u00edsa, junto com seu namorado, o cantor Vit\u00e3o, continuam sofrendo ataques verbais pelas ruas e nas redes sociais, por inverdades ditas na internet. Pedimos mais uma vez respeito e empatia pelo pr\u00f3ximo. Todas as medidas cab\u00edveis para as pessoas que continuam com estes ataques est\u00e3o sendo tomadas\u201d.\u201d, diz o comunicado.<\/p>\n<p>&nbsp;<\/p>\n<p><strong>Fonte: Popline<\/strong><\/p>\n<p>&nbsp;<\/p>\n","protected":false},"excerpt":{"rendered":"<p>Nesta semana, Lu\u00edsa Sonza se afastou das redes sociais depois de receber mensagens de \u00f3dio, que acusavam a cantora de ser respons\u00e1vel pela morte do filho de Whindersson Nunes, seu ex-marido. Neste domingo (06\/06), o \u201cFant\u00e1stico\u201d exibiu uma reportagem abordando o tema e mostrou algumas amea\u00e7as que a artista recebeu. Sonza recebeu fotos de armas &hellip;<\/p>\n","protected":false},"author":1,"featured_media":16366,"comment_status":"closed","ping_status":"closed","sticky":false,"template":"","format":"standard","meta":{"_jetpack_newsletter_access":"","_jetpack_dont_email_post_to_subs":false,"_jetpack_newsletter_tier_id":0,"_jetpack_memberships_contains_paywalled_content":false,"_jetpack_memberships_contains_paid_content":false,"footnotes":""},"categories":[1],"tags":[],"class_list":["post-16365","post","type-post","status-publish","format-standard","has-post-thumbnail","hentry","category-destaque"],"jetpack_sharing_enabled":true,"jetpack_featured_media_url":"","_links":{"self":[{"href":"https:\/\/www.oparanews.com.br\/index.php\/wp-json\/wp\/v2\/posts\/16365","targetHints":{"allow":["GET"]}}],"collection":[{"href":"https:\/\/www.oparanews.com.br\/index.php\/wp-json\/wp\/v2\/posts"}],"about":[{"href":"https:\/\/www.oparanews.com.br\/index.php\/wp-json\/wp\/v2\/types\/post"}],"author":[{"embeddable":true,"href":"https:\/\/www.oparanews.com.br\/index.php\/wp-json\/wp\/v2\/users\/1"}],"replies":[{"embeddable":true,"href":"https:\/\/www.oparanews.com.br\/index.php\/wp-json\/wp\/v2\/comments?post=16365"}],"version-history":[{"count":0,"href":"https:\/\/www.oparanews.com.br\/index.php\/wp-json\/wp\/v2\/posts\/16365\/revisions"}],"wp:attachment":[{"href":"https:\/\/www.oparanews.com.br\/index.php\/wp-json\/wp\/v2\/media?parent=16365"}],"wp:term":[{"taxonomy":"category","embeddable":true,"href":"https:\/\/www.oparanews.com.br\/index.php\/wp-json\/wp\/v2\/categories?post=16365"},{"taxonomy":"post_tag","embeddable":true,"href":"https:\/\/www.oparanews.com.br\/index.php\/wp-json\/wp\/v2\/tags?post=16365"}],"curies":[{"name":"wp","href":"https:\/\/api.w.org\/{rel}","templated":true}]}}