{"id":16368,"date":"2021-06-07T12:49:48","date_gmt":"2021-06-07T12:49:48","guid":{"rendered":"https:\/\/oparanews.com.br\/?p=16368"},"modified":"2021-06-07T12:49:48","modified_gmt":"2021-06-07T12:49:48","slug":"iza-manda-recado-para-artistas-que-dao-mau-exemplo-na-pandemia","status":"publish","type":"post","link":"https:\/\/www.oparanews.com.br\/index.php\/2021\/06\/07\/iza-manda-recado-para-artistas-que-dao-mau-exemplo-na-pandemia\/","title":{"rendered":"IZA manda recado para artistas que d\u00e3o mau exemplo na pandemia"},"content":{"rendered":"<p>IZA esteve no \u201cAltas Horas\u201d deste fim de semana para promover \u201cGueto\u201d e usou o espa\u00e7o para mandar um recado para as pessoas. \u201cQuero deixar um apelo para as pessoas que podem escolher ficar em casa: tem gente sim que tem essa op\u00e7\u00e3o. Por favor, fique em casa\u201d, declarou a cantora no fim do programa.<\/p>\n<p>\u201cSe cuida! \u00c9 duro ter que ficar em casa, olhando para as paredes, muitas vezes sem ter o que fazer, deprimido at\u00e9. Mas voc\u00ea est\u00e1 salvando vidas ficando em casa. Aos artistas tamb\u00e9m \u2013 que est\u00e3o assistindo a gente: tenham consci\u00eancia do peso da atitude de voc\u00eas na vida das pessoas. As pessoas est\u00e3o olhando a gente. A gente n\u00e3o est\u00e1 aqui s\u00f3 para pagar nossas contas. Fico at\u00e9 emocionada falando disso. Mas as pessoas realmente tem a n\u00f3s como influ\u00eancia. Vistam essa camisa. Isso \u00e9 muito s\u00e9rio. Acho que, neste momento, o Brasil precisa muito da gente. Fica em casa, cacet*!\u201d, completou.<\/p>\n<p>Divulga\u00e7\u00e3o de \u201cGueto\u201d<\/p>\n<p>A cantora tamb\u00e9m fez a primeira apresenta\u00e7\u00e3o da m\u00fasica nova na TV. Ela falou que \u201cGueto\u201d n\u00e3o \u00e9 sobre ostenta\u00e7\u00e3o e sim sobre ocupa\u00e7\u00e3o. \u201c\u00c9 uma festa, pra lembrar e agradecer por tudo o que aconteceu na minha vida\u201d, disse. No clipe, ela volta ao seu bairro de origem: Olaria, na periferia do Rio de Janeiro.<\/p>\n<p>\u201c\u00c9 a primeira musica do meu pr\u00f3ximo \u00e1lbum, m\u00fasica que eu fiz em casa. Acho que \u00e9 uma m\u00fasica muito importante pra mim, fala sobre a minha hist\u00f3ria. \u00c9 engra\u00e7ado dizer que a gente tem alguma coisa pra comemorar em 2020, 2021, mas eu realmente preciso celebrar algumas coisas que aconteceram na minha vida\u201d, contou ao apresentador Serginho Groisman.<\/p>\n<p>&nbsp;<\/p>\n<p><strong>Fonte: Popline<\/strong><\/p>\n<p>&nbsp;<\/p>\n","protected":false},"excerpt":{"rendered":"<p>IZA esteve no \u201cAltas Horas\u201d deste fim de semana para promover \u201cGueto\u201d e usou o espa\u00e7o para mandar um recado para as pessoas. \u201cQuero deixar um apelo para as pessoas que podem escolher ficar em casa: tem gente sim que tem essa op\u00e7\u00e3o. Por favor, fique em casa\u201d, declarou a cantora no fim do programa. &hellip;<\/p>\n","protected":false},"author":1,"featured_media":16369,"comment_status":"closed","ping_status":"closed","sticky":false,"template":"","format":"standard","meta":{"_jetpack_newsletter_access":"","_jetpack_dont_email_post_to_subs":false,"_jetpack_newsletter_tier_id":0,"_jetpack_memberships_contains_paywalled_content":false,"_jetpack_memberships_contains_paid_content":false,"footnotes":""},"categories":[1],"tags":[],"class_list":["post-16368","post","type-post","status-publish","format-standard","has-post-thumbnail","hentry","category-destaque"],"jetpack_sharing_enabled":true,"jetpack_featured_media_url":"","_links":{"self":[{"href":"https:\/\/www.oparanews.com.br\/index.php\/wp-json\/wp\/v2\/posts\/16368","targetHints":{"allow":["GET"]}}],"collection":[{"href":"https:\/\/www.oparanews.com.br\/index.php\/wp-json\/wp\/v2\/posts"}],"about":[{"href":"https:\/\/www.oparanews.com.br\/index.php\/wp-json\/wp\/v2\/types\/post"}],"author":[{"embeddable":true,"href":"https:\/\/www.oparanews.com.br\/index.php\/wp-json\/wp\/v2\/users\/1"}],"replies":[{"embeddable":true,"href":"https:\/\/www.oparanews.com.br\/index.php\/wp-json\/wp\/v2\/comments?post=16368"}],"version-history":[{"count":0,"href":"https:\/\/www.oparanews.com.br\/index.php\/wp-json\/wp\/v2\/posts\/16368\/revisions"}],"wp:attachment":[{"href":"https:\/\/www.oparanews.com.br\/index.php\/wp-json\/wp\/v2\/media?parent=16368"}],"wp:term":[{"taxonomy":"category","embeddable":true,"href":"https:\/\/www.oparanews.com.br\/index.php\/wp-json\/wp\/v2\/categories?post=16368"},{"taxonomy":"post_tag","embeddable":true,"href":"https:\/\/www.oparanews.com.br\/index.php\/wp-json\/wp\/v2\/tags?post=16368"}],"curies":[{"name":"wp","href":"https:\/\/api.w.org\/{rel}","templated":true}]}}