{"id":16371,"date":"2021-06-07T12:59:42","date_gmt":"2021-06-07T12:59:42","guid":{"rendered":"https:\/\/oparanews.com.br\/?p=16371"},"modified":"2021-06-07T12:59:42","modified_gmt":"2021-06-07T12:59:42","slug":"auxilio-emergencial-pode-ser-estendido-por-2-ou-3-meses","status":"publish","type":"post","link":"https:\/\/www.oparanews.com.br\/index.php\/2021\/06\/07\/auxilio-emergencial-pode-ser-estendido-por-2-ou-3-meses\/","title":{"rendered":"Aux\u00edlio emergencial pode ser estendido por 2 ou 3 meses"},"content":{"rendered":"<p>A fim de evitar as press\u00f5es ocasionadas com o fim do aux\u00edlio emergencial , em julho, O Minist\u00e9rio da Economia estuda a extens\u00e3o do programa como forma de transi\u00e7\u00e3o para o Bolsa Fam\u00edlia.<\/p>\n<p>Desde o ano passado, o ministro da Economia, Paulo Guedes , menciona uma &#8220;aterrissagem suave&#8221; para aqueles que perder\u00e3o o benef\u00edcio.<\/p>\n<p>Segundo Gustavo Uribe, da CNN Brasil, a ideia discutida pelos minist\u00e9rios da Economia e da Cidadania \u00e9 prorrogar o benef\u00edcio emergencial por mais dois ou tr\u00eas meses , at\u00e9 que uma maior parcela da popula\u00e7\u00e3o adulta seja imunizada contra o coronav\u00edrus.<\/p>\n<p>A possibilidade \u00e9 vista com bons olhos por membros do Centr\u00e3o, aliados ao presidente Jair Bolsonaro. O grupo atribui a manuten\u00e7\u00e3o do benef\u00edcio como a \u00fanica forma de Bolsonaro conseguir a reelei\u00e7\u00e3o.<\/p>\n<p>Al\u00e9m disso, ap\u00f3s o fim das parcelas emergenciais, O Bolsa Fam\u00edlia aumentaria o valor . O benef\u00edcio, que hoje paga R$ 190, teria um acr\u00e9scimo de R$ 70 reais.<\/p>\n<p>&nbsp;<\/p>\n<p><strong>Fonte: IG<\/strong><\/p>\n<p>&nbsp;<\/p>\n","protected":false},"excerpt":{"rendered":"<p>A fim de evitar as press\u00f5es ocasionadas com o fim do aux\u00edlio emergencial , em julho, O Minist\u00e9rio da Economia estuda a extens\u00e3o do programa como forma de transi\u00e7\u00e3o para o Bolsa Fam\u00edlia. Desde o ano passado, o ministro da Economia, Paulo Guedes , menciona uma &#8220;aterrissagem suave&#8221; para aqueles que perder\u00e3o o benef\u00edcio. Segundo &hellip;<\/p>\n","protected":false},"author":1,"featured_media":16372,"comment_status":"closed","ping_status":"closed","sticky":false,"template":"","format":"standard","meta":{"_jetpack_newsletter_access":"","_jetpack_dont_email_post_to_subs":false,"_jetpack_newsletter_tier_id":0,"_jetpack_memberships_contains_paywalled_content":false,"_jetpack_memberships_contains_paid_content":false,"footnotes":""},"categories":[1],"tags":[],"class_list":["post-16371","post","type-post","status-publish","format-standard","has-post-thumbnail","hentry","category-destaque"],"jetpack_sharing_enabled":true,"jetpack_featured_media_url":"","_links":{"self":[{"href":"https:\/\/www.oparanews.com.br\/index.php\/wp-json\/wp\/v2\/posts\/16371","targetHints":{"allow":["GET"]}}],"collection":[{"href":"https:\/\/www.oparanews.com.br\/index.php\/wp-json\/wp\/v2\/posts"}],"about":[{"href":"https:\/\/www.oparanews.com.br\/index.php\/wp-json\/wp\/v2\/types\/post"}],"author":[{"embeddable":true,"href":"https:\/\/www.oparanews.com.br\/index.php\/wp-json\/wp\/v2\/users\/1"}],"replies":[{"embeddable":true,"href":"https:\/\/www.oparanews.com.br\/index.php\/wp-json\/wp\/v2\/comments?post=16371"}],"version-history":[{"count":0,"href":"https:\/\/www.oparanews.com.br\/index.php\/wp-json\/wp\/v2\/posts\/16371\/revisions"}],"wp:attachment":[{"href":"https:\/\/www.oparanews.com.br\/index.php\/wp-json\/wp\/v2\/media?parent=16371"}],"wp:term":[{"taxonomy":"category","embeddable":true,"href":"https:\/\/www.oparanews.com.br\/index.php\/wp-json\/wp\/v2\/categories?post=16371"},{"taxonomy":"post_tag","embeddable":true,"href":"https:\/\/www.oparanews.com.br\/index.php\/wp-json\/wp\/v2\/tags?post=16371"}],"curies":[{"name":"wp","href":"https:\/\/api.w.org\/{rel}","templated":true}]}}