{"id":16377,"date":"2021-06-07T16:27:53","date_gmt":"2021-06-07T16:27:53","guid":{"rendered":"https:\/\/oparanews.com.br\/?p=16377"},"modified":"2021-06-07T16:27:53","modified_gmt":"2021-06-07T16:27:53","slug":"jogadores-da-selecao-brasileira-decidem-disputar-a-copa-america","status":"publish","type":"post","link":"https:\/\/www.oparanews.com.br\/index.php\/2021\/06\/07\/jogadores-da-selecao-brasileira-decidem-disputar-a-copa-america\/","title":{"rendered":"Jogadores da sele\u00e7\u00e3o brasileira decidem disputar a Copa Am\u00e9rica"},"content":{"rendered":"<p>Apesar de algumas insatisfa\u00e7\u00f5es, os jogadores da Sele\u00e7\u00e3o decidiram que ir\u00e3o disputar a Copa Am\u00e9rica, que come\u00e7a no pr\u00f3ximo domingo. O Brasil estreia diante da Venezuela, no est\u00e1dio Man\u00e9 Garrincha, em Bras\u00edlia.<\/p>\n<p>A decis\u00e3o dos atletas deve ser comunicada juntamente com um manifesto, com cr\u00edticas \u00e0 forma como o evento foi organizado, em meio \u00e0 pandemia de Covid-19. A tend\u00eancia \u00e9 que isso aconte\u00e7a somente depois da partida contra o Paraguai, \u00e0s 21h30 (de Bras\u00edlia) desta ter\u00e7a-feira, pelas Eliminat\u00f3rias da Copa do Mundo.<\/p>\n<p>A sele\u00e7\u00e3o brasileira disputar\u00e1 a Copa Am\u00e9rica com elenco muito parecido com o que est\u00e1 reunido para os jogos das Eliminat\u00f3rias. Tite ainda pode chamar mais tr\u00eas atletas. A lista ser\u00e1 anunciada na quarta-feira.<\/p>\n<p>Desde a \u00faltima segunda-feira, quando o Brasil foi anunciado como sede do torneio, antes previsto para acontecer na Argentina e na Col\u00f4mbia, os jogadores da Sele\u00e7\u00e3o passaram a discutir um poss\u00edvel boicote.<\/p>\n<p>O tema tamb\u00e9m foi tratado junto a l\u00edderes de outras sele\u00e7\u00f5es sul-americanas. A falta de consenso, por\u00e9m, fez com que a ideia n\u00e3o prosperasse.<\/p>\n<p>Os jogadores da sele\u00e7\u00e3o brasileira ficaram insatisfeitos sobretudo com a forma que o assunto foi tratado por Rog\u00e9rio Caboclo, que acabou afastado da presid\u00eancia da CBF no domingo, ap\u00f3s den\u00fancias de ass\u00e9dio sexual e moral. Ele esteve na Granja Comary no domingo passado (dia 30 de maio), um dia antes do Brasil ser anunciado como sede da competi\u00e7\u00e3o, e n\u00e3o falou do tema com os atletas.<\/p>\n<p>Os jogadores pediram uma reuni\u00e3o com o cartola, o que aconteceu na quarta-feira. Na ocasi\u00e3o, l\u00edderes do elenco sugeriram a disputa de partidas adiadas das Eliminat\u00f3rias na data em que deveria ocorrer a Copa Am\u00e9rica. Eles refor\u00e7aram que a insatisfa\u00e7\u00e3o com o torneio n\u00e3o tinha rela\u00e7\u00e3o com um desejo de ter f\u00e9rias.<\/p>\n<p>A quest\u00e3o t\u00e9cnica tamb\u00e9m pesou para os atletas aceitarem jogar o torneio. Esta ser\u00e1 a \u00faltima oportunidade em que a sele\u00e7\u00e3o brasileira estar\u00e1 reunida por um longo per\u00edodo antes da Copa do Mundo do Catar, em 2022. Vale lembrar que a Copa das Confedera\u00e7\u00f5es, que antigamente ocorria no ano anterior aos mundiais, foi extinta.<\/p>\n<p>Durante esta semana em que a disputa ou n\u00e3o da Copa Am\u00e9rica foi debatida internamente na Sele\u00e7\u00e3o, as entrevistas coletivas dos jogadores foram canceladas. O \u00fanico a se pronunciar foi o volante Casemiro, na sa\u00edda de campo ap\u00f3s a vit\u00f3ria por 2 a 0 sobre o Equador. O volante disse que todos sabiam qual era a posi\u00e7\u00e3o dos atletas e da comiss\u00e3o t\u00e9cnica de Tite, mas n\u00e3o revelou qual era ela:<\/p>\n<p>\u2013 Nosso posicionamento todo mundo sabe, mais claro imposs\u00edvel, Tite deixou claro nosso posicionamento e o que n\u00f3s pensamos da Copa Am\u00e9rica. Existe respeito e uma hierarquia que temos que respeitar, e claro que queremos dar nossa posi\u00e7\u00e3o \u2013 afirmou o volante, antes de prosseguir:<\/p>\n<p>\u2013 Queremos falar. N\u00e3o queremos desviar o foco, porque isso (Eliminat\u00f3rias) para n\u00f3s \u00e9 a Copa do Mundo. Mas queremos falar, expressar a nossa opini\u00e3o, se \u00e9 certo ou n\u00e3o, cada um vai determinar, mas queremos expressar nossa opini\u00e3o, sim.<\/p>\n<p>Nesta quarta, os atletas e demais funcion\u00e1rios da Sele\u00e7\u00e3o que desejarem poder\u00e3o se vacinar na sede da Conmebol, no Paraguai. A imuniza\u00e7\u00e3o, por\u00e9m, n\u00e3o \u00e9 obrigat\u00f3ria para os participantes da Copa Am\u00e9rica.<\/p>\n<p><strong>Conmebol tenta estancar sangria<\/strong><\/p>\n<p>Reuni\u00f5es tensas entre cartolas. Confrontos pol\u00edticos. Preocupa\u00e7\u00f5es com a Covid-19. Os contornos da Copa Am\u00e9rica de 2021 &#8211; que originalmente seria realizada na Col\u00f4mbia e na Argentina no ano passado &#8211; tornaram a miss\u00e3o da Conmebol ainda mais dif\u00edcil na inesperada nova edi\u00e7\u00e3o brasileira da tradicional competi\u00e7\u00e3o continental. Os cartolas sul-americanos negociam at\u00e9 o \u00faltimo minuto com cada associa\u00e7\u00e3o nacional de futebol para evitar novos sustos.<\/p>\n<p>A manifesta\u00e7\u00e3o da Associa\u00e7\u00e3o de Futebol da Argentina no \u00faltimo domingo foi considerada uma vit\u00f3ria pela Conmebol. Ao lado da sele\u00e7\u00e3o brasileira, eram os argentinos quem mais tratavam da possibilidade de desistirem da competi\u00e7\u00e3o. A Conmebol autorizou todas as sele\u00e7\u00f5es a decidirem se v\u00e3o se concentrar na cidade em que forem atuar na Copa Am\u00e9rica ou n\u00e3o.<\/p>\n<p>A Argentina optou por ir e voltar de Buenos Aires, para ficar no centro de treinamento de Ezeiza, ao lado do aeroporto. Todos os voos da competi\u00e7\u00e3o ser\u00e3o fretados, com despesas pagas pela Conmebol. A confedera\u00e7\u00e3o sul-americana vai gastar, pelo menos, US$ 40 milh\u00f5es (R$ 200 milh\u00f5es) em toda a organiza\u00e7\u00e3o &#8211; n\u00famero que aumentou para atender todas as demandas num momento de crise.<\/p>\n<p>Outras sele\u00e7\u00f5es reafirmaram seus compromissos de atuar na Copa Am\u00e9rica. A sele\u00e7\u00e3o do Equador j\u00e1 comunicou que voa para o Brasil depois da partida contra o Peru, nesta ter\u00e7a-feira. Havia reuni\u00e3o marcada para debater o tema com associa\u00e7\u00e3o de jogadores locais, mas foi cancelada. A decis\u00e3o foi por viajar para jogar a Copa Am\u00e9rica, sem mudan\u00e7as de rota.<\/p>\n<p>A condi\u00e7\u00e3o de outros atletas de sele\u00e7\u00f5es &#8211; como dos bolivianos &#8211; tamb\u00e9m sempre foi clara em disputar a competi\u00e7\u00e3o. A premia\u00e7\u00e3o original para cada participante &#8211; US$ 4 milh\u00f5es &#8211; se somou \u00e0 press\u00e3o de dirigentes de cada associa\u00e7\u00e3o, que se comprometeram a controlar seus atletas.<\/p>\n<p>&nbsp;<\/p>\n<p><strong>Fonte: GE<\/strong><\/p>\n<p>&nbsp;<\/p>\n","protected":false},"excerpt":{"rendered":"<p>Apesar de algumas insatisfa\u00e7\u00f5es, os jogadores da Sele\u00e7\u00e3o decidiram que ir\u00e3o disputar a Copa Am\u00e9rica, que come\u00e7a no pr\u00f3ximo domingo. O Brasil estreia diante da Venezuela, no est\u00e1dio Man\u00e9 Garrincha, em Bras\u00edlia. A decis\u00e3o dos atletas deve ser comunicada juntamente com um manifesto, com cr\u00edticas \u00e0 forma como o evento foi organizado, em meio \u00e0 &hellip;<\/p>\n","protected":false},"author":1,"featured_media":16378,"comment_status":"closed","ping_status":"closed","sticky":false,"template":"","format":"standard","meta":{"_jetpack_newsletter_access":"","_jetpack_dont_email_post_to_subs":false,"_jetpack_newsletter_tier_id":0,"_jetpack_memberships_contains_paywalled_content":false,"_jetpack_memberships_contains_paid_content":false,"footnotes":""},"categories":[1],"tags":[],"class_list":["post-16377","post","type-post","status-publish","format-standard","has-post-thumbnail","hentry","category-destaque"],"jetpack_sharing_enabled":true,"jetpack_featured_media_url":"","_links":{"self":[{"href":"https:\/\/www.oparanews.com.br\/index.php\/wp-json\/wp\/v2\/posts\/16377","targetHints":{"allow":["GET"]}}],"collection":[{"href":"https:\/\/www.oparanews.com.br\/index.php\/wp-json\/wp\/v2\/posts"}],"about":[{"href":"https:\/\/www.oparanews.com.br\/index.php\/wp-json\/wp\/v2\/types\/post"}],"author":[{"embeddable":true,"href":"https:\/\/www.oparanews.com.br\/index.php\/wp-json\/wp\/v2\/users\/1"}],"replies":[{"embeddable":true,"href":"https:\/\/www.oparanews.com.br\/index.php\/wp-json\/wp\/v2\/comments?post=16377"}],"version-history":[{"count":0,"href":"https:\/\/www.oparanews.com.br\/index.php\/wp-json\/wp\/v2\/posts\/16377\/revisions"}],"wp:attachment":[{"href":"https:\/\/www.oparanews.com.br\/index.php\/wp-json\/wp\/v2\/media?parent=16377"}],"wp:term":[{"taxonomy":"category","embeddable":true,"href":"https:\/\/www.oparanews.com.br\/index.php\/wp-json\/wp\/v2\/categories?post=16377"},{"taxonomy":"post_tag","embeddable":true,"href":"https:\/\/www.oparanews.com.br\/index.php\/wp-json\/wp\/v2\/tags?post=16377"}],"curies":[{"name":"wp","href":"https:\/\/api.w.org\/{rel}","templated":true}]}}