{"id":16383,"date":"2021-06-07T17:17:22","date_gmt":"2021-06-07T17:17:22","guid":{"rendered":"https:\/\/oparanews.com.br\/?p=16383"},"modified":"2021-06-07T17:17:22","modified_gmt":"2021-06-07T17:17:22","slug":"observatorio-da-ufal-aponta-queda-de-25-na-vacinacao-contra-a-covid","status":"publish","type":"post","link":"https:\/\/www.oparanews.com.br\/index.php\/2021\/06\/07\/observatorio-da-ufal-aponta-queda-de-25-na-vacinacao-contra-a-covid\/","title":{"rendered":"Observat\u00f3rio da Ufal aponta queda de 25% na vacina\u00e7\u00e3o contra a Covid"},"content":{"rendered":"<p>Na \u00faltima semana, Alagoas registrou queda no ritmo da vacina\u00e7\u00e3o contra o coronav\u00edrus. \u00c9 o que aponta o \u00faltimo levantamento feito pelo Observat\u00f3rio Alagoano de Pol\u00edticas P\u00fablicas para Enfrentamento da Covid-19, divulgado nesta segunda-feira (7).<\/p>\n<p>Os dados da pesquisa se referem \u00e0 22\u00aa Semana Epidemiol\u00f3gica em Alagoas, ou seja, de 30 de maio a 5 de junho. Na 21\u00aa Semana, o n\u00famero de vacinados tinha subido 13%.<\/p>\n<p>A divulga\u00e7\u00e3o acontece no mesmo dia em que a capital capital suspendeu a 1\u00aa dose da vacina por falta de estoque. A Secretaria Municipal de Sa\u00fade aguarda o repasse de novas doses para seguir com a vacina\u00e7\u00e3o em Macei\u00f3.<\/p>\n<p>Assim, a imuniza\u00e7\u00e3o na capital alagoana est\u00e1 acontecendo apenas para quem precisa tomar a 2\u00aa dose das vacinas AstraZeneca e CoronaVac. As doses tamb\u00e9m est\u00e3o garantidas para as pessoas que j\u00e1 tinham feito agendamento at\u00e9 domingo.<\/p>\n<p>No estado, j\u00e1 foram aplicadas 745 mil vacinas equivalentes \u00e0 primeira dose, e 287 mil equivalente \u00e0 segunda.<\/p>\n<p><strong>Cresce o n\u00famero de casos confirmados<\/strong><\/p>\n<p>Os pesquisadores apontaram que na 22\u00aa Semana Epidemiol\u00f3gica, o aumento de casos confirmados foi de 5%, equivalente a 4.359 casos. O n\u00famero de casos suspeitos tamb\u00e9m voltou a crescer no estado, tendo sido registrados no \u00faltimo s\u00e1bado (5) 17.978 casos em investiga\u00e7\u00e3o.<\/p>\n<p>Por outro lado, o n\u00famero de mortes na 22\u00aa Semana caiu 2%, tendo sido registrado 124 \u00f3bitos.<\/p>\n<p>&nbsp;<\/p>\n<p><strong>Fonte: G1\/AL<\/strong><\/p>\n<p>&nbsp;<\/p>\n","protected":false},"excerpt":{"rendered":"<p>Na \u00faltima semana, Alagoas registrou queda no ritmo da vacina\u00e7\u00e3o contra o coronav\u00edrus. \u00c9 o que aponta o \u00faltimo levantamento feito pelo Observat\u00f3rio Alagoano de Pol\u00edticas P\u00fablicas para Enfrentamento da Covid-19, divulgado nesta segunda-feira (7). Os dados da pesquisa se referem \u00e0 22\u00aa Semana Epidemiol\u00f3gica em Alagoas, ou seja, de 30 de maio a 5 &hellip;<\/p>\n","protected":false},"author":1,"featured_media":16384,"comment_status":"closed","ping_status":"closed","sticky":false,"template":"","format":"standard","meta":{"_jetpack_newsletter_access":"","_jetpack_dont_email_post_to_subs":false,"_jetpack_newsletter_tier_id":0,"_jetpack_memberships_contains_paywalled_content":false,"_jetpack_memberships_contains_paid_content":false,"footnotes":""},"categories":[1],"tags":[],"class_list":["post-16383","post","type-post","status-publish","format-standard","has-post-thumbnail","hentry","category-destaque"],"jetpack_sharing_enabled":true,"jetpack_featured_media_url":"","_links":{"self":[{"href":"https:\/\/www.oparanews.com.br\/index.php\/wp-json\/wp\/v2\/posts\/16383","targetHints":{"allow":["GET"]}}],"collection":[{"href":"https:\/\/www.oparanews.com.br\/index.php\/wp-json\/wp\/v2\/posts"}],"about":[{"href":"https:\/\/www.oparanews.com.br\/index.php\/wp-json\/wp\/v2\/types\/post"}],"author":[{"embeddable":true,"href":"https:\/\/www.oparanews.com.br\/index.php\/wp-json\/wp\/v2\/users\/1"}],"replies":[{"embeddable":true,"href":"https:\/\/www.oparanews.com.br\/index.php\/wp-json\/wp\/v2\/comments?post=16383"}],"version-history":[{"count":0,"href":"https:\/\/www.oparanews.com.br\/index.php\/wp-json\/wp\/v2\/posts\/16383\/revisions"}],"wp:attachment":[{"href":"https:\/\/www.oparanews.com.br\/index.php\/wp-json\/wp\/v2\/media?parent=16383"}],"wp:term":[{"taxonomy":"category","embeddable":true,"href":"https:\/\/www.oparanews.com.br\/index.php\/wp-json\/wp\/v2\/categories?post=16383"},{"taxonomy":"post_tag","embeddable":true,"href":"https:\/\/www.oparanews.com.br\/index.php\/wp-json\/wp\/v2\/tags?post=16383"}],"curies":[{"name":"wp","href":"https:\/\/api.w.org\/{rel}","templated":true}]}}