{"id":16386,"date":"2021-06-07T17:20:00","date_gmt":"2021-06-07T17:20:00","guid":{"rendered":"https:\/\/oparanews.com.br\/?p=16386"},"modified":"2021-06-07T17:20:00","modified_gmt":"2021-06-07T17:20:00","slug":"resultado-de-exame-em-cranio-que-pode-ser-de-roberta-dias-atrasa-apos-perita-contrair-covid","status":"publish","type":"post","link":"https:\/\/www.oparanews.com.br\/index.php\/2021\/06\/07\/resultado-de-exame-em-cranio-que-pode-ser-de-roberta-dias-atrasa-apos-perita-contrair-covid\/","title":{"rendered":"Resultado de exame em cr\u00e2nio que pode ser de Roberta Dias atrasa ap\u00f3s perita contrair Covid"},"content":{"rendered":"<p>O Instituto M\u00e9dico Legal (IML) informou nesta segunda-feira (7) que o resultado do exame cadav\u00e9rico em um cr\u00e2nio que pode ser da jovem Roberta Dias, que desapareceu gr\u00e1vida em 2012, e que deveria sair nesta segunda, foi adiado. Um novo prazo para a divulga\u00e7\u00e3o do exame deve ser informado a partir de ter\u00e7a-feira (8).<\/p>\n<p>Segundo a assessoria do IML, a perita respons\u00e1vel pelo laudo estava em isolamento social por ter sido infectada pela Covid-19. Com o seu retorno ao trabalho, um novo prazo vai ser divulgado.<\/p>\n<p>A m\u00e3e da jovem, M\u00f4nica Reis, solicitou, em abril, a compara\u00e7\u00e3o do material gen\u00e9tico da filha com a ossada e o cr\u00e2nio encontrados no Pontal do Peba, em Pia\u00e7abu\u00e7u, Litoral Sul de Alagoas.<\/p>\n<p>Roberta Dias desapareceu em Penedo em 2012. O G1 teve acesso a um laudo pericial produzido pela Pol\u00edcia Federal de uma conversa gravada em \u00e1udio em quem um homem admite que ajudou o pai do filho de Roberta a assassin\u00e1-la.<\/p>\n<p>Duas pessoas foram denunciadas em 2018 pelo Minist\u00e9rio P\u00fablico do Estado de Alagoas (MP-AL) por envolvimento no assassinato. O processo segue em tramita\u00e7\u00e3o na 4\u00aa Vara Criminal da Comarca de Penedo.<\/p>\n<p>&nbsp;<\/p>\n<p><strong>Fonte: G1\/AL<\/strong><\/p>\n<p>&nbsp;<\/p>\n","protected":false},"excerpt":{"rendered":"<p>O Instituto M\u00e9dico Legal (IML) informou nesta segunda-feira (7) que o resultado do exame cadav\u00e9rico em um cr\u00e2nio que pode ser da jovem Roberta Dias, que desapareceu gr\u00e1vida em 2012, e que deveria sair nesta segunda, foi adiado. Um novo prazo para a divulga\u00e7\u00e3o do exame deve ser informado a partir de ter\u00e7a-feira (8). Segundo &hellip;<\/p>\n","protected":false},"author":1,"featured_media":16387,"comment_status":"closed","ping_status":"closed","sticky":false,"template":"","format":"standard","meta":{"_jetpack_newsletter_access":"","_jetpack_dont_email_post_to_subs":false,"_jetpack_newsletter_tier_id":0,"_jetpack_memberships_contains_paywalled_content":false,"_jetpack_memberships_contains_paid_content":false,"footnotes":""},"categories":[1],"tags":[],"class_list":["post-16386","post","type-post","status-publish","format-standard","has-post-thumbnail","hentry","category-destaque"],"jetpack_sharing_enabled":true,"jetpack_featured_media_url":"","_links":{"self":[{"href":"https:\/\/www.oparanews.com.br\/index.php\/wp-json\/wp\/v2\/posts\/16386","targetHints":{"allow":["GET"]}}],"collection":[{"href":"https:\/\/www.oparanews.com.br\/index.php\/wp-json\/wp\/v2\/posts"}],"about":[{"href":"https:\/\/www.oparanews.com.br\/index.php\/wp-json\/wp\/v2\/types\/post"}],"author":[{"embeddable":true,"href":"https:\/\/www.oparanews.com.br\/index.php\/wp-json\/wp\/v2\/users\/1"}],"replies":[{"embeddable":true,"href":"https:\/\/www.oparanews.com.br\/index.php\/wp-json\/wp\/v2\/comments?post=16386"}],"version-history":[{"count":0,"href":"https:\/\/www.oparanews.com.br\/index.php\/wp-json\/wp\/v2\/posts\/16386\/revisions"}],"wp:attachment":[{"href":"https:\/\/www.oparanews.com.br\/index.php\/wp-json\/wp\/v2\/media?parent=16386"}],"wp:term":[{"taxonomy":"category","embeddable":true,"href":"https:\/\/www.oparanews.com.br\/index.php\/wp-json\/wp\/v2\/categories?post=16386"},{"taxonomy":"post_tag","embeddable":true,"href":"https:\/\/www.oparanews.com.br\/index.php\/wp-json\/wp\/v2\/tags?post=16386"}],"curies":[{"name":"wp","href":"https:\/\/api.w.org\/{rel}","templated":true}]}}