{"id":16389,"date":"2021-06-08T12:09:45","date_gmt":"2021-06-08T12:09:45","guid":{"rendered":"https:\/\/oparanews.com.br\/?p=16389"},"modified":"2021-06-08T12:09:45","modified_gmt":"2021-06-08T12:09:45","slug":"homem-e-preso-com-drogas-e-espingarda-em-rio-largo","status":"publish","type":"post","link":"https:\/\/www.oparanews.com.br\/index.php\/2021\/06\/08\/homem-e-preso-com-drogas-e-espingarda-em-rio-largo\/","title":{"rendered":"Homem \u00e9 preso com drogas e espingarda em Rio Largo"},"content":{"rendered":"<p>Um homem foi preso na noite desta segunda-feira (7), em Rio Largo, regi\u00e3o metropolitana de Macei\u00f3, suspeito de traficar drogas. Com ele foi apreendida uma espingarda calibre 36.<\/p>\n<p>Ap\u00f3s receber den\u00fancia, a Pol\u00edcia Militar procurou pelo suspeito em uma mata. Al\u00e9m da arma, foram encontrados 200g de maconha e uma balan\u00e7a de precis\u00e3o. O homem foi preso e admitiu que estava traficando a droga.<\/p>\n<p>Ele foi levado para a Central de Flagrantes I, em Macei\u00f3, e autuado por tr\u00e1fico de entorpecentes e posse ilegal de arma de fogo.<\/p>\n<p>&nbsp;<\/p>\n<p><strong>Fonte: G1\/AL<\/strong><\/p>\n<p>&nbsp;<\/p>\n","protected":false},"excerpt":{"rendered":"<p>Um homem foi preso na noite desta segunda-feira (7), em Rio Largo, regi\u00e3o metropolitana de Macei\u00f3, suspeito de traficar drogas. Com ele foi apreendida uma espingarda calibre 36. Ap\u00f3s receber den\u00fancia, a Pol\u00edcia Militar procurou pelo suspeito em uma mata. Al\u00e9m da arma, foram encontrados 200g de maconha e uma balan\u00e7a de precis\u00e3o. O homem &hellip;<\/p>\n","protected":false},"author":1,"featured_media":16390,"comment_status":"closed","ping_status":"closed","sticky":false,"template":"","format":"standard","meta":{"_jetpack_newsletter_access":"","_jetpack_dont_email_post_to_subs":false,"_jetpack_newsletter_tier_id":0,"_jetpack_memberships_contains_paywalled_content":false,"_jetpack_memberships_contains_paid_content":false,"footnotes":""},"categories":[1],"tags":[],"class_list":["post-16389","post","type-post","status-publish","format-standard","has-post-thumbnail","hentry","category-destaque"],"jetpack_sharing_enabled":true,"jetpack_featured_media_url":"","_links":{"self":[{"href":"https:\/\/www.oparanews.com.br\/index.php\/wp-json\/wp\/v2\/posts\/16389","targetHints":{"allow":["GET"]}}],"collection":[{"href":"https:\/\/www.oparanews.com.br\/index.php\/wp-json\/wp\/v2\/posts"}],"about":[{"href":"https:\/\/www.oparanews.com.br\/index.php\/wp-json\/wp\/v2\/types\/post"}],"author":[{"embeddable":true,"href":"https:\/\/www.oparanews.com.br\/index.php\/wp-json\/wp\/v2\/users\/1"}],"replies":[{"embeddable":true,"href":"https:\/\/www.oparanews.com.br\/index.php\/wp-json\/wp\/v2\/comments?post=16389"}],"version-history":[{"count":0,"href":"https:\/\/www.oparanews.com.br\/index.php\/wp-json\/wp\/v2\/posts\/16389\/revisions"}],"wp:attachment":[{"href":"https:\/\/www.oparanews.com.br\/index.php\/wp-json\/wp\/v2\/media?parent=16389"}],"wp:term":[{"taxonomy":"category","embeddable":true,"href":"https:\/\/www.oparanews.com.br\/index.php\/wp-json\/wp\/v2\/categories?post=16389"},{"taxonomy":"post_tag","embeddable":true,"href":"https:\/\/www.oparanews.com.br\/index.php\/wp-json\/wp\/v2\/tags?post=16389"}],"curies":[{"name":"wp","href":"https:\/\/api.w.org\/{rel}","templated":true}]}}