{"id":16392,"date":"2021-06-08T12:17:59","date_gmt":"2021-06-08T12:17:59","guid":{"rendered":"https:\/\/oparanews.com.br\/?p=16392"},"modified":"2021-06-08T12:17:59","modified_gmt":"2021-06-08T12:17:59","slug":"penedo-ja-vacinou-mais-de-30-do-publico-alvo-da-campanha-contra-covid-com-a-1a-dose","status":"publish","type":"post","link":"https:\/\/www.oparanews.com.br\/index.php\/2021\/06\/08\/penedo-ja-vacinou-mais-de-30-do-publico-alvo-da-campanha-contra-covid-com-a-1a-dose\/","title":{"rendered":"Penedo j\u00e1 vacinou mais de 30% do p\u00fablico-alvo da campanha contra Covid com a 1\u00aa dose"},"content":{"rendered":"<p>A Prefeitura de Penedo j\u00e1 conseguiu alcan\u00e7ar mais de 30% do p\u00fablico-alvo da campanha de imuniza\u00e7\u00e3o contra Covid. O trabalho desenvolvido pela Secretaria Municipal de Sa\u00fade (SEMS) atendeu 17.995 pessoas at\u00e9 esta segunda-feira, 07.<\/p>\n<p>Esse quantitativo de praticamente 18 mil pessoas representa 31,8% do total de pessoas com idade igual ou superior a 18 anos (56.592, segundo dados do eSUS) que residem em Penedo.<\/p>\n<p>At\u00e9 este in\u00edcio de semana, 24.273 doses de imunizante contra o coronav\u00edrus foram aplicadas, 17.995 como primeira dose e 6.278 como segunda dose.<\/p>\n<p>A imuniza\u00e7\u00e3o contra o coronav\u00edrus est\u00e1 dispon\u00edvel na Central de Vacina\u00e7\u00e3o instalada na Escola Estadual Ernani M\u00e9ro. Pessoas acamadas ou sem condi\u00e7\u00f5es de se locomover recebem a vacina em casa.<\/p>\n<p>O empenho da gest\u00e3o Crescendo Com Seu Povo torna o munic\u00edpio refer\u00eancia positiva para Alagoas, avan\u00e7o que a cada dia viabiliza a inclus\u00e3o de mais pessoas no combate ao coronav\u00edrus.<\/p>\n<p>A vacina j\u00e1 est\u00e1 dispon\u00edvel para pessoas com menos de 50 anos em Penedo, atendendo a faixa et\u00e1ria 48 anos a partir de hoje. O servi\u00e7o funciona entre 8h e 17 horas, sendo preciso apresentar documento oficial com foto, cart\u00e3o SUS e comprovante de resid\u00eancia atualizado.<\/p>\n<p>&nbsp;<\/p>\n<p><strong>por Fernando Vin\u00edcius \u2013 jornalista Decom PMP<\/strong><\/p>\n<p>&nbsp;<\/p>\n","protected":false},"excerpt":{"rendered":"<p>A Prefeitura de Penedo j\u00e1 conseguiu alcan\u00e7ar mais de 30% do p\u00fablico-alvo da campanha de imuniza\u00e7\u00e3o contra Covid. O trabalho desenvolvido pela Secretaria Municipal de Sa\u00fade (SEMS) atendeu 17.995 pessoas at\u00e9 esta segunda-feira, 07. Esse quantitativo de praticamente 18 mil pessoas representa 31,8% do total de pessoas com idade igual ou superior a 18 anos &hellip;<\/p>\n","protected":false},"author":1,"featured_media":16393,"comment_status":"closed","ping_status":"closed","sticky":false,"template":"","format":"standard","meta":{"_jetpack_newsletter_access":"","_jetpack_dont_email_post_to_subs":false,"_jetpack_newsletter_tier_id":0,"_jetpack_memberships_contains_paywalled_content":false,"_jetpack_memberships_contains_paid_content":false,"footnotes":""},"categories":[1],"tags":[],"class_list":["post-16392","post","type-post","status-publish","format-standard","has-post-thumbnail","hentry","category-destaque"],"jetpack_sharing_enabled":true,"jetpack_featured_media_url":"","_links":{"self":[{"href":"https:\/\/www.oparanews.com.br\/index.php\/wp-json\/wp\/v2\/posts\/16392","targetHints":{"allow":["GET"]}}],"collection":[{"href":"https:\/\/www.oparanews.com.br\/index.php\/wp-json\/wp\/v2\/posts"}],"about":[{"href":"https:\/\/www.oparanews.com.br\/index.php\/wp-json\/wp\/v2\/types\/post"}],"author":[{"embeddable":true,"href":"https:\/\/www.oparanews.com.br\/index.php\/wp-json\/wp\/v2\/users\/1"}],"replies":[{"embeddable":true,"href":"https:\/\/www.oparanews.com.br\/index.php\/wp-json\/wp\/v2\/comments?post=16392"}],"version-history":[{"count":0,"href":"https:\/\/www.oparanews.com.br\/index.php\/wp-json\/wp\/v2\/posts\/16392\/revisions"}],"wp:attachment":[{"href":"https:\/\/www.oparanews.com.br\/index.php\/wp-json\/wp\/v2\/media?parent=16392"}],"wp:term":[{"taxonomy":"category","embeddable":true,"href":"https:\/\/www.oparanews.com.br\/index.php\/wp-json\/wp\/v2\/categories?post=16392"},{"taxonomy":"post_tag","embeddable":true,"href":"https:\/\/www.oparanews.com.br\/index.php\/wp-json\/wp\/v2\/tags?post=16392"}],"curies":[{"name":"wp","href":"https:\/\/api.w.org\/{rel}","templated":true}]}}