{"id":16395,"date":"2021-06-08T12:38:06","date_gmt":"2021-06-08T12:38:06","guid":{"rendered":"https:\/\/oparanews.com.br\/?p=16395"},"modified":"2021-06-08T12:38:06","modified_gmt":"2021-06-08T12:38:06","slug":"penedo-registra-153-novos-casos-do-novo-coronavirus-em-24h","status":"publish","type":"post","link":"https:\/\/www.oparanews.com.br\/index.php\/2021\/06\/08\/penedo-registra-153-novos-casos-do-novo-coronavirus-em-24h\/","title":{"rendered":"Penedo registra 153 novos casos do novo Coronav\u00edrus em 24h"},"content":{"rendered":"<p>Segundo dados divulgados no boletim epidemiol\u00f3gico do munic\u00edpio de Penedo, desta segunda-feira, 06, foram registrados 153 novos casos do novo Coronav\u00edrus em 24 horas.<\/p>\n<p>O n\u00famero de pessoas recuperadas em 24 horas foram de 12 e o n\u00famero de \u00f3bitos at\u00e9 o momento deste o in\u00edcio da Pandemia \u00e9 de 62.<\/p>\n<p>Os casos ativos pela doen\u00e7a em Penedo continua em um patamar muito elevado, s\u00e3o de 437.<\/p>\n<p>Este n\u00famero de casos ativos podem vir a aumentar, isso porque os casos que est\u00e3o aguardando resultado s\u00e3o de 363.<\/p>\n<p>&nbsp;<\/p>\n<p><strong>por Reda\u00e7\u00e3o<\/strong><\/p>\n<p>&nbsp;<\/p>\n","protected":false},"excerpt":{"rendered":"<p>Segundo dados divulgados no boletim epidemiol\u00f3gico do munic\u00edpio de Penedo, desta segunda-feira, 06, foram registrados 153 novos casos do novo Coronav\u00edrus em 24 horas. O n\u00famero de pessoas recuperadas em 24 horas foram de 12 e o n\u00famero de \u00f3bitos at\u00e9 o momento deste o in\u00edcio da Pandemia \u00e9 de 62. Os casos ativos pela &hellip;<\/p>\n","protected":false},"author":1,"featured_media":16102,"comment_status":"closed","ping_status":"closed","sticky":false,"template":"","format":"standard","meta":{"_jetpack_newsletter_access":"","_jetpack_dont_email_post_to_subs":false,"_jetpack_newsletter_tier_id":0,"_jetpack_memberships_contains_paywalled_content":false,"_jetpack_memberships_contains_paid_content":false,"footnotes":""},"categories":[1],"tags":[],"class_list":["post-16395","post","type-post","status-publish","format-standard","has-post-thumbnail","hentry","category-destaque"],"jetpack_sharing_enabled":true,"jetpack_featured_media_url":"","_links":{"self":[{"href":"https:\/\/www.oparanews.com.br\/index.php\/wp-json\/wp\/v2\/posts\/16395","targetHints":{"allow":["GET"]}}],"collection":[{"href":"https:\/\/www.oparanews.com.br\/index.php\/wp-json\/wp\/v2\/posts"}],"about":[{"href":"https:\/\/www.oparanews.com.br\/index.php\/wp-json\/wp\/v2\/types\/post"}],"author":[{"embeddable":true,"href":"https:\/\/www.oparanews.com.br\/index.php\/wp-json\/wp\/v2\/users\/1"}],"replies":[{"embeddable":true,"href":"https:\/\/www.oparanews.com.br\/index.php\/wp-json\/wp\/v2\/comments?post=16395"}],"version-history":[{"count":0,"href":"https:\/\/www.oparanews.com.br\/index.php\/wp-json\/wp\/v2\/posts\/16395\/revisions"}],"wp:attachment":[{"href":"https:\/\/www.oparanews.com.br\/index.php\/wp-json\/wp\/v2\/media?parent=16395"}],"wp:term":[{"taxonomy":"category","embeddable":true,"href":"https:\/\/www.oparanews.com.br\/index.php\/wp-json\/wp\/v2\/categories?post=16395"},{"taxonomy":"post_tag","embeddable":true,"href":"https:\/\/www.oparanews.com.br\/index.php\/wp-json\/wp\/v2\/tags?post=16395"}],"curies":[{"name":"wp","href":"https:\/\/api.w.org\/{rel}","templated":true}]}}