{"id":16397,"date":"2021-06-08T13:58:50","date_gmt":"2021-06-08T13:58:50","guid":{"rendered":"https:\/\/oparanews.com.br\/?p=16397"},"modified":"2021-06-08T13:58:50","modified_gmt":"2021-06-08T13:58:50","slug":"prefeitura-de-penedo-inicia-pagamento-dos-meis-a-partir-de-quarta-feira-09","status":"publish","type":"post","link":"https:\/\/www.oparanews.com.br\/index.php\/2021\/06\/08\/prefeitura-de-penedo-inicia-pagamento-dos-meis-a-partir-de-quarta-feira-09\/","title":{"rendered":"Prefeitura de Penedo inicia pagamento dos MEIs a partir de quarta-feira, 09"},"content":{"rendered":"<p>A Prefeitura de Penedo inicia nesta quarta-feira, 09 de junho, o pagamento aos Micro Empreendedores Individuais (MEIs) referente ao m\u00eas de maio.<\/p>\n<p>O calend\u00e1rio ser\u00e1 aberto para os prestadores de servi\u00e7os de diferentes \u00e1reas da administra\u00e7\u00e3o p\u00fablica municipal, exceto Servi\u00e7os P\u00fablicos, Sa\u00fade e Educa\u00e7\u00e3o.<\/p>\n<p>Quem trabalha para a Secretaria Municipal de Servi\u00e7os P\u00fablicos (SEMSP) recebe na quinta-feira, 10. MEIs a servi\u00e7o das Secretarias de Sa\u00fade e de Educa\u00e7\u00e3o podem sacar o pagamento na sexta-feira, 11.<\/p>\n<p>&nbsp;<\/p>\n<p><strong>Fonte: Decom &#8211; PMP<\/strong><\/p>\n<p><a href=\"https:\/\/oparanews.com.br\/wp-content\/uploads\/2021\/06\/pagamento-mei-maio.jpg\"><img loading=\"lazy\" decoding=\"async\" class=\"alignleft size-medium wp-image-16399\" src=\"https:\/\/oparanews.com.br\/wp-content\/uploads\/2021\/06\/pagamento-mei-maio-274x300.jpg\" alt=\"\" width=\"274\" height=\"300\" \/><\/a><\/p>\n","protected":false},"excerpt":{"rendered":"<p>A Prefeitura de Penedo inicia nesta quarta-feira, 09 de junho, o pagamento aos Micro Empreendedores Individuais (MEIs) referente ao m\u00eas de maio. O calend\u00e1rio ser\u00e1 aberto para os prestadores de servi\u00e7os de diferentes \u00e1reas da administra\u00e7\u00e3o p\u00fablica municipal, exceto Servi\u00e7os P\u00fablicos, Sa\u00fade e Educa\u00e7\u00e3o. Quem trabalha para a Secretaria Municipal de Servi\u00e7os P\u00fablicos (SEMSP) recebe &hellip;<\/p>\n","protected":false},"author":1,"featured_media":16398,"comment_status":"closed","ping_status":"closed","sticky":false,"template":"","format":"standard","meta":{"_jetpack_newsletter_access":"","_jetpack_dont_email_post_to_subs":false,"_jetpack_newsletter_tier_id":0,"_jetpack_memberships_contains_paywalled_content":false,"_jetpack_memberships_contains_paid_content":false,"footnotes":""},"categories":[1],"tags":[],"class_list":["post-16397","post","type-post","status-publish","format-standard","has-post-thumbnail","hentry","category-destaque"],"jetpack_sharing_enabled":true,"jetpack_featured_media_url":"","_links":{"self":[{"href":"https:\/\/www.oparanews.com.br\/index.php\/wp-json\/wp\/v2\/posts\/16397","targetHints":{"allow":["GET"]}}],"collection":[{"href":"https:\/\/www.oparanews.com.br\/index.php\/wp-json\/wp\/v2\/posts"}],"about":[{"href":"https:\/\/www.oparanews.com.br\/index.php\/wp-json\/wp\/v2\/types\/post"}],"author":[{"embeddable":true,"href":"https:\/\/www.oparanews.com.br\/index.php\/wp-json\/wp\/v2\/users\/1"}],"replies":[{"embeddable":true,"href":"https:\/\/www.oparanews.com.br\/index.php\/wp-json\/wp\/v2\/comments?post=16397"}],"version-history":[{"count":0,"href":"https:\/\/www.oparanews.com.br\/index.php\/wp-json\/wp\/v2\/posts\/16397\/revisions"}],"wp:attachment":[{"href":"https:\/\/www.oparanews.com.br\/index.php\/wp-json\/wp\/v2\/media?parent=16397"}],"wp:term":[{"taxonomy":"category","embeddable":true,"href":"https:\/\/www.oparanews.com.br\/index.php\/wp-json\/wp\/v2\/categories?post=16397"},{"taxonomy":"post_tag","embeddable":true,"href":"https:\/\/www.oparanews.com.br\/index.php\/wp-json\/wp\/v2\/tags?post=16397"}],"curies":[{"name":"wp","href":"https:\/\/api.w.org\/{rel}","templated":true}]}}