{"id":16407,"date":"2021-06-08T18:04:41","date_gmt":"2021-06-08T18:04:41","guid":{"rendered":"https:\/\/oparanews.com.br\/?p=16407"},"modified":"2021-06-08T18:04:41","modified_gmt":"2021-06-08T18:04:41","slug":"queiroga-defende-copa-america-no-brasil-nao-trara-riscos","status":"publish","type":"post","link":"https:\/\/www.oparanews.com.br\/index.php\/2021\/06\/08\/queiroga-defende-copa-america-no-brasil-nao-trara-riscos\/","title":{"rendered":"Queiroga defende Copa Am\u00e9rica no Brasil: &#8220;N\u00e3o trar\u00e1 riscos&#8221;"},"content":{"rendered":"<p>O ministro da Sa\u00fade, Marcelo Queiroga, garantiu durante depoimento \u00e0 CPI da Covid-19 no Senado nesta ter\u00e7a-feira que a realiza\u00e7\u00e3o da Copa Am\u00e9rica no Brasil n\u00e3o trar\u00e1 riscos adicionais ao Pa\u00eds.<\/p>\n<p>Queiroga relatou que pediu a departamento de Ci\u00eancia e Tecnologia da pasta que fizesse uma revis\u00e3o sistem\u00e1tica da literatura e tamb\u00e9m avaliou os protocolos de seguran\u00e7a fornecidos pelos organizadores do campeonato.<\/p>\n<p>Acrescentou, ainda, que a Copa Am\u00e9rica n\u00e3o \u00e9 &#8220;evento de grandes propor\u00e7\u00f5es&#8221; a exemplo da Olimp\u00edada e n\u00e3o contar\u00e1 com p\u00fablico nos est\u00e1dios.<\/p>\n<p>Para ele, n\u00e3o h\u00e1, do ponto de vista epidemiol\u00f3gico, justificativa para a n\u00e3o ocorr\u00eancia da Copa Am\u00e9rica no Pa\u00eds.<\/p>\n<p>&nbsp;<\/p>\n<p><strong>Fonte: Estad\u00e3o<\/strong><\/p>\n<p>&nbsp;<\/p>\n","protected":false},"excerpt":{"rendered":"<p>O ministro da Sa\u00fade, Marcelo Queiroga, garantiu durante depoimento \u00e0 CPI da Covid-19 no Senado nesta ter\u00e7a-feira que a realiza\u00e7\u00e3o da Copa Am\u00e9rica no Brasil n\u00e3o trar\u00e1 riscos adicionais ao Pa\u00eds. Queiroga relatou que pediu a departamento de Ci\u00eancia e Tecnologia da pasta que fizesse uma revis\u00e3o sistem\u00e1tica da literatura e tamb\u00e9m avaliou os protocolos &hellip;<\/p>\n","protected":false},"author":1,"featured_media":16408,"comment_status":"closed","ping_status":"closed","sticky":false,"template":"","format":"standard","meta":{"_jetpack_newsletter_access":"","_jetpack_dont_email_post_to_subs":false,"_jetpack_newsletter_tier_id":0,"_jetpack_memberships_contains_paywalled_content":false,"_jetpack_memberships_contains_paid_content":false,"footnotes":""},"categories":[1],"tags":[],"class_list":["post-16407","post","type-post","status-publish","format-standard","has-post-thumbnail","hentry","category-destaque"],"jetpack_sharing_enabled":true,"jetpack_featured_media_url":"","_links":{"self":[{"href":"https:\/\/www.oparanews.com.br\/index.php\/wp-json\/wp\/v2\/posts\/16407","targetHints":{"allow":["GET"]}}],"collection":[{"href":"https:\/\/www.oparanews.com.br\/index.php\/wp-json\/wp\/v2\/posts"}],"about":[{"href":"https:\/\/www.oparanews.com.br\/index.php\/wp-json\/wp\/v2\/types\/post"}],"author":[{"embeddable":true,"href":"https:\/\/www.oparanews.com.br\/index.php\/wp-json\/wp\/v2\/users\/1"}],"replies":[{"embeddable":true,"href":"https:\/\/www.oparanews.com.br\/index.php\/wp-json\/wp\/v2\/comments?post=16407"}],"version-history":[{"count":0,"href":"https:\/\/www.oparanews.com.br\/index.php\/wp-json\/wp\/v2\/posts\/16407\/revisions"}],"wp:attachment":[{"href":"https:\/\/www.oparanews.com.br\/index.php\/wp-json\/wp\/v2\/media?parent=16407"}],"wp:term":[{"taxonomy":"category","embeddable":true,"href":"https:\/\/www.oparanews.com.br\/index.php\/wp-json\/wp\/v2\/categories?post=16407"},{"taxonomy":"post_tag","embeddable":true,"href":"https:\/\/www.oparanews.com.br\/index.php\/wp-json\/wp\/v2\/tags?post=16407"}],"curies":[{"name":"wp","href":"https:\/\/api.w.org\/{rel}","templated":true}]}}