{"id":16410,"date":"2021-06-08T18:10:30","date_gmt":"2021-06-08T18:10:30","guid":{"rendered":"https:\/\/oparanews.com.br\/?p=16410"},"modified":"2021-06-08T18:10:30","modified_gmt":"2021-06-08T18:10:30","slug":"garis-fazem-greve-por-inclusao-na-vacinacao-em-sp","status":"publish","type":"post","link":"https:\/\/www.oparanews.com.br\/index.php\/2021\/06\/08\/garis-fazem-greve-por-inclusao-na-vacinacao-em-sp\/","title":{"rendered":"Garis fazem greve por inclus\u00e3o na vacina\u00e7\u00e3o em SP"},"content":{"rendered":"<p>Os trabalhadores da limpeza urbana entraram em greve nesta ter\u00e7a-feira (8) na cidade de S\u00e3o Paulo em protesto contra a falta de vacina\u00e7\u00e3o da categoria contra a Covid-19. O grupo inclui as equipes de varri\u00e7\u00e3o das ruas, de recolhimento de res\u00edduos porta a porta, e os motoristas de caminh\u00f5es de coleta.<\/p>\n<p>Nesta manh\u00e3, manifestantes foram vistos na Pra\u00e7a Patriarca, na S\u00e9 e no Pateo do Collegio. Algumas pontos do Centro da cidade j\u00e1 acumulavam lixo devido \u00e0 falta de coleta.<\/p>\n<p>Os integrantes do SIEMACO, sindicato que representa os trabalhadores da limpeza urbana na capital, e do STERIIISP, sindicato que representa os motoristas da limpeza urbana, argumentam que est\u00e3o entre os grupos mais expostos ao risco de cont\u00e1gio pelo coronav\u00edrus, na medida em que o servi\u00e7o \u00e9 essencial e n\u00e3o \u00e9 interrompido em nenhum momento da pandemia, mesmo nos mais cr\u00edticos.<\/p>\n<p>Eles afirmam que j\u00e1 protocolaram diversos pedidos por prioridade na imuniza\u00e7\u00e3o ao governo do estado, \u00e0 Prefeitura de S\u00e3o Paulo, \u00e0 C\u00e2mara Municipal e \u00e0 Autoridade Municipal de Limpeza Urbana (Amlurb), mas que n\u00e3o obtiveram qualquer resposta.<\/p>\n<p>\u201cUma demonstra\u00e7\u00e3o de descaso total com esses trabalhadores e trabalhadoras que tanto fazem pela nossa cidade e pelos paulistanos\u201d, escreveram em nota. \u201cA medida en\u00e9rgica \u00e9 a \u00fanica forma encontrada para chamar a aten\u00e7\u00e3o e obter apoio da popula\u00e7\u00e3o e das autoridades, para a vacina\u00e7\u00e3o imediata das categorias\u201d, continuaram.<\/p>\n<p>Na segunda-feira (7), o grupo foi recebido pela secret\u00e1ria estadual de Desenvolvimento Econ\u00f4mico, Patr\u00edcia Ellen da Silva, mas, de acordo com a categoria, \u201csem sucesso\u201d.<\/p>\n<p>Algumas cidades paulistas j\u00e1 vacinam a categoria, como em S\u00e3o Roque, na regi\u00e3o de Sorocaba e Jundia\u00ed. Em Po\u00e1, na regi\u00e3o de Mogi das Cruzes, os trabalhadores da limpeza urbana recebem a &#8220;xepa&#8221;, que s\u00e3o as doses remanescentes.<\/p>\n<p><strong>O que diz o governo<\/strong><\/p>\n<p>O G1 questionou o governo do estado se h\u00e1 previs\u00e3o para imuniza\u00e7\u00e3o da categoria, mas n\u00e3o obteve retorno sobre esta quest\u00e3o. Em nota, a gest\u00e3o Jo\u00e3o Doria (PSDB) disse que o Programa Estadual de Imuniza\u00e7\u00e3o (PEI) segue as diretrizes do Programa Nacional de Imuniza\u00e7\u00f5es (PNI) do Minist\u00e9rio da Sa\u00fade, que define os p\u00fablicos-alvo a serem imunizados.<\/p>\n<p>O governo tamb\u00e9m destacou que est\u00e1 em di\u00e1logo com todos os representantes de associa\u00e7\u00f5es, inclusive com o SIEMACO e com o STERIIISP.<\/p>\n<p>Em nota, a Prefeitura de S\u00e3o Paulo disse que em mar\u00e7o imunizou todos os coletores e profissionais que trabalham com Res\u00edduos de Sa\u00fade (RSS), por consider\u00e1-los mais vulner\u00e1veis, e que dialoga com o SIEMACO e com o governo do estado para ampliar a vacina\u00e7\u00e3o para os profissionais da limpeza urbana.<\/p>\n<p>A gest\u00e3o municipal tamb\u00e9m esclarece que a abertura de novos grupos depende da chegada de novas doses de vacina, enviadas pelo Minist\u00e9rio da Sa\u00fade e que segue os calend\u00e1rios definidos pelo Programa Nacional de Imuniza\u00e7\u00e3o (PNI) e pelo Programa Estadual de Imuniza\u00e7\u00e3o.<\/p>\n<p>Sobre a paralisa\u00e7\u00e3o, a Amlurb disse que n\u00e3o foi notificada formalmente sobre a greve, e que, por se tratar de um servi\u00e7o essencial, foi desrespeitada a lei geral de greve, que determina a comunica\u00e7\u00e3o com 72 horas de anteced\u00eancia sobre qualquer paralisa\u00e7\u00e3o, al\u00e9m da manuten\u00e7\u00e3o de ao menos parte da equipe no servi\u00e7o. &#8220;Pelo descumprimento e para garantir a presta\u00e7\u00e3o do servi\u00e7o essencial \u00e0 popula\u00e7\u00e3o, a Prefeitura vai tomar as medidas legais cab\u00edveis&#8221;, acrescentou a gest\u00e3o.<\/p>\n<p>O G1 tamb\u00e9m pediu posicionamento da C\u00e2mara Municipal sobre a aus\u00eancia da categoria nos grupos priorit\u00e1rios de imuniza\u00e7\u00e3o contra a Covid-19 e aguarda retorno.<\/p>\n<p>&nbsp;<\/p>\n<p><strong>Fonte: G1<\/strong><\/p>\n<p>&nbsp;<\/p>\n","protected":false},"excerpt":{"rendered":"<p>Os trabalhadores da limpeza urbana entraram em greve nesta ter\u00e7a-feira (8) na cidade de S\u00e3o Paulo em protesto contra a falta de vacina\u00e7\u00e3o da categoria contra a Covid-19. O grupo inclui as equipes de varri\u00e7\u00e3o das ruas, de recolhimento de res\u00edduos porta a porta, e os motoristas de caminh\u00f5es de coleta. Nesta manh\u00e3, manifestantes foram &hellip;<\/p>\n","protected":false},"author":1,"featured_media":16411,"comment_status":"closed","ping_status":"closed","sticky":false,"template":"","format":"standard","meta":{"_jetpack_newsletter_access":"","_jetpack_dont_email_post_to_subs":false,"_jetpack_newsletter_tier_id":0,"_jetpack_memberships_contains_paywalled_content":false,"_jetpack_memberships_contains_paid_content":false,"footnotes":""},"categories":[1],"tags":[],"class_list":["post-16410","post","type-post","status-publish","format-standard","has-post-thumbnail","hentry","category-destaque"],"jetpack_sharing_enabled":true,"jetpack_featured_media_url":"","_links":{"self":[{"href":"https:\/\/www.oparanews.com.br\/index.php\/wp-json\/wp\/v2\/posts\/16410","targetHints":{"allow":["GET"]}}],"collection":[{"href":"https:\/\/www.oparanews.com.br\/index.php\/wp-json\/wp\/v2\/posts"}],"about":[{"href":"https:\/\/www.oparanews.com.br\/index.php\/wp-json\/wp\/v2\/types\/post"}],"author":[{"embeddable":true,"href":"https:\/\/www.oparanews.com.br\/index.php\/wp-json\/wp\/v2\/users\/1"}],"replies":[{"embeddable":true,"href":"https:\/\/www.oparanews.com.br\/index.php\/wp-json\/wp\/v2\/comments?post=16410"}],"version-history":[{"count":0,"href":"https:\/\/www.oparanews.com.br\/index.php\/wp-json\/wp\/v2\/posts\/16410\/revisions"}],"wp:attachment":[{"href":"https:\/\/www.oparanews.com.br\/index.php\/wp-json\/wp\/v2\/media?parent=16410"}],"wp:term":[{"taxonomy":"category","embeddable":true,"href":"https:\/\/www.oparanews.com.br\/index.php\/wp-json\/wp\/v2\/categories?post=16410"},{"taxonomy":"post_tag","embeddable":true,"href":"https:\/\/www.oparanews.com.br\/index.php\/wp-json\/wp\/v2\/tags?post=16410"}],"curies":[{"name":"wp","href":"https:\/\/api.w.org\/{rel}","templated":true}]}}