{"id":16413,"date":"2021-06-08T18:24:19","date_gmt":"2021-06-08T18:24:19","guid":{"rendered":"https:\/\/oparanews.com.br\/?p=16413"},"modified":"2021-06-08T18:24:19","modified_gmt":"2021-06-08T18:24:19","slug":"jardel-e-diagnosticado-com-covid-19","status":"publish","type":"post","link":"https:\/\/www.oparanews.com.br\/index.php\/2021\/06\/08\/jardel-e-diagnosticado-com-covid-19\/","title":{"rendered":"Jardel \u00e9 diagnosticado com Covid-19"},"content":{"rendered":"<p>O ex-atacante M\u00e1rio Jardel n\u00e3o vive um m\u00eas de junho dos mais agrad\u00e1veis. O ex-atacante de Gr\u00eamio , Vasco , Porto e Sporting foi diagnosticado, no s\u00e1bado, com Covid-19 . Ele, que apresenta um quadro gripal leve e j\u00e1 est\u00e1 mantendo os protocolos de seguran\u00e7a de isolamento, acabou tendo o teste como positivo quase uma semana ap\u00f3s passar por um susto dentro de casa.<\/p>\n<p>As informa\u00e7\u00f5es s\u00e3o do ge.globo. Na \u00faltima quarta-feira, Jardel afirmou, em rede social, que assaltantes teriam saltado o muro de sua resid\u00eancia, em Fortaleza, invadido a casa pela madrugada e furtado alguns pr\u00eamios. Jardel registrou boletim de ocorr\u00eancia no 15\u00b0 Distrito Policial, em Fortaleza.<\/p>\n<p>As premia\u00e7\u00f5es, como as chuteiras de ouro da Uefa , eram encaradas como um dos maiores trunfos do atacante que \u00e9 considerado o maior goleador da Europa entre os anos de 1999 e 2002. Em 1997, quando atuava pelo Porto, de Portugal, a chuteira de prata foi conquistada. Os s\u00edmbolos foram reencontrados no dia seguinte.<\/p>\n<p>O pr\u00eamio de bronze foi levado em 2000, quando o campe\u00e3o da Libertadores em 1995 pelo Gr\u00eamio defendia o Galatasaray . Jardel ainda venceu t\u00edtulos como o Campeonato Portugu\u00eas em quatro oportunidades.<\/p>\n<p>&nbsp;<\/p>\n<p><strong>Fonte: IG<\/strong><\/p>\n<p>&nbsp;<\/p>\n","protected":false},"excerpt":{"rendered":"<p>O ex-atacante M\u00e1rio Jardel n\u00e3o vive um m\u00eas de junho dos mais agrad\u00e1veis. O ex-atacante de Gr\u00eamio , Vasco , Porto e Sporting foi diagnosticado, no s\u00e1bado, com Covid-19 . Ele, que apresenta um quadro gripal leve e j\u00e1 est\u00e1 mantendo os protocolos de seguran\u00e7a de isolamento, acabou tendo o teste como positivo quase uma &hellip;<\/p>\n","protected":false},"author":1,"featured_media":16414,"comment_status":"closed","ping_status":"closed","sticky":false,"template":"","format":"standard","meta":{"_jetpack_newsletter_access":"","_jetpack_dont_email_post_to_subs":false,"_jetpack_newsletter_tier_id":0,"_jetpack_memberships_contains_paywalled_content":false,"_jetpack_memberships_contains_paid_content":false,"footnotes":""},"categories":[1],"tags":[],"class_list":["post-16413","post","type-post","status-publish","format-standard","has-post-thumbnail","hentry","category-destaque"],"jetpack_sharing_enabled":true,"jetpack_featured_media_url":"","_links":{"self":[{"href":"https:\/\/www.oparanews.com.br\/index.php\/wp-json\/wp\/v2\/posts\/16413","targetHints":{"allow":["GET"]}}],"collection":[{"href":"https:\/\/www.oparanews.com.br\/index.php\/wp-json\/wp\/v2\/posts"}],"about":[{"href":"https:\/\/www.oparanews.com.br\/index.php\/wp-json\/wp\/v2\/types\/post"}],"author":[{"embeddable":true,"href":"https:\/\/www.oparanews.com.br\/index.php\/wp-json\/wp\/v2\/users\/1"}],"replies":[{"embeddable":true,"href":"https:\/\/www.oparanews.com.br\/index.php\/wp-json\/wp\/v2\/comments?post=16413"}],"version-history":[{"count":0,"href":"https:\/\/www.oparanews.com.br\/index.php\/wp-json\/wp\/v2\/posts\/16413\/revisions"}],"wp:attachment":[{"href":"https:\/\/www.oparanews.com.br\/index.php\/wp-json\/wp\/v2\/media?parent=16413"}],"wp:term":[{"taxonomy":"category","embeddable":true,"href":"https:\/\/www.oparanews.com.br\/index.php\/wp-json\/wp\/v2\/categories?post=16413"},{"taxonomy":"post_tag","embeddable":true,"href":"https:\/\/www.oparanews.com.br\/index.php\/wp-json\/wp\/v2\/tags?post=16413"}],"curies":[{"name":"wp","href":"https:\/\/api.w.org\/{rel}","templated":true}]}}