{"id":16416,"date":"2021-06-08T18:30:48","date_gmt":"2021-06-08T18:30:48","guid":{"rendered":"https:\/\/oparanews.com.br\/?p=16416"},"modified":"2021-06-08T18:30:48","modified_gmt":"2021-06-08T18:30:48","slug":"alagoas-fica-de-fora-do-primeiro-lote-da-vacina-sputinik-v","status":"publish","type":"post","link":"https:\/\/www.oparanews.com.br\/index.php\/2021\/06\/08\/alagoas-fica-de-fora-do-primeiro-lote-da-vacina-sputinik-v\/","title":{"rendered":"Alagoas fica de fora do primeiro lote da vacina Sputinik V"},"content":{"rendered":"<p>Embora o governador Renan Filho (MDB) tenha demonstrado interesse e at\u00e9 aprovado uma lei, na Assembleia Legislativa, que permite a compra de vacinas contra a Covid-19, a decis\u00e3o da Ag\u00eancia Nacional de Vigil\u00e2ncia Sanit\u00e1ria (Anvisa) de autorizar a importa\u00e7\u00e3o da Sputinik V, com uma s\u00e9rie de restri\u00e7\u00f5es, deixa de fora o Estado. A informa\u00e7\u00e3o \u00e9 do portal UOL.<\/p>\n<p>Isto s\u00f3 aconteceu porque Alagoas n\u00e3o fez parte do grupo de gestores nordestinos que acionou o STF (Supremo Tribunal Federal) em busca da autoriza\u00e7\u00e3o. Neste primeiro lote, liberado pela ag\u00eancia, apenas seis estados receberiam as doses importadas, correspondendo a 1% da popula\u00e7\u00e3o de cada um.<\/p>\n<p>Seriam eles: Bahia &#8211; 300 mil doses; Maranh\u00e3o &#8211; 141 mil doses; Sergipe &#8211; 46 mil doses; Cear\u00e1 &#8211; 183 mil doses; Pernambuco &#8211; 192 mil doses; e Piau\u00ed &#8211; 66 mil doses.<\/p>\n<p>O pr\u00f3prio governador, em entrevista \u00e0 imprensa, confirmou que Alagoas n\u00e3o iria receber agora os imunizantes. Quando questionado, durante coletiva, ele respondeu que o Estado tem inten\u00e7\u00e3o de comprar a vacina russa e ainda estaria se organizando, com outras unidades da Federa\u00e7\u00e3o, no sentido de atender \u00e0s regras estabelecidas pela Anvisa.<\/p>\n<p>Nas redes sociais, Renan Filho chegou a comunicar duas reuni\u00f5es que aconteceriam nesta segunda-feira: uma com o Fundo Soberano Russo e outra com t\u00e9cnicos da ag\u00eancia reguladora nacional. Os encontros virtuais seriam com a participa\u00e7\u00e3o dos governadores interessados na compra da Sputinik. Segundo ele, a reuni\u00e3o com o Governo da R\u00fassia foi transferida para esta ter\u00e7a.<\/p>\n<p>\u201cA gente vai comprar e n\u00e3o receber. A Anvisa aprovou a compra para 1% da popula\u00e7\u00e3o e os Estados ainda precisam cumprir o que foi estabelecido\u201d, destacou o governador, sem comentar o motivo que levou o Estado a n\u00e3o recorrer ao STF para garantir o primeiro lote.<\/p>\n<p>Este mesmo questionamento foi feito \u00e0 Secretaria de Estado da Sa\u00fade (Sesau). Por meio da assessoria de comunica\u00e7\u00e3o, o \u00f3rg\u00e3o informou que a aquisi\u00e7\u00e3o das vacinas ser\u00e1 negociada via Cons\u00f3rcio do Nordeste e Amaz\u00f4nia Legal. E destacou a aprova\u00e7\u00e3o da lei, em abril passado, provisionando recursos para a aquisi\u00e7\u00e3o dos imunizantes Sputinik V.<\/p>\n<p>O diretor da Anvisa, Alex Machado, afirmou que estava autorizada a importa\u00e7\u00e3o excepcional e tempor\u00e1ria do referido quantitativo, correspondente a doses para imuniza\u00e7\u00e3o de 1% da popula\u00e7\u00e3o nacional, dentro do cronograma enviado pelo Minist\u00e9rio da Sa\u00fade: 4 milh\u00f5es de doses.<\/p>\n<p>Segundo o UOL, na pr\u00e1tica, uma parte do quantitativo de doses da vacina poder\u00e1 ser importada no primeiro momento para ser utilizada dentro de um estudo de efetividade a ser seguido pelos estados requerentes. As principais condi\u00e7\u00f5es para seu uso s\u00e3o: importa\u00e7\u00e3o somente de vacinas das f\u00e1bricas inspecionadas pela Anvisa na R\u00fassia (Generium e Pharmstandard UfaVita); obriga\u00e7\u00e3o de an\u00e1lise lote a lote que comprove aus\u00eancia de v\u00edrus replicantes e outras caracter\u00edsticas de qualidade; notifica\u00e7\u00e3o de eventos adversos graves em at\u00e9 24 horas.<\/p>\n<p>&nbsp;<\/p>\n<p><strong>por Thiago Gomes\/Gazetaweb com UOL<\/strong><\/p>\n<p>&nbsp;<\/p>\n","protected":false},"excerpt":{"rendered":"<p>Embora o governador Renan Filho (MDB) tenha demonstrado interesse e at\u00e9 aprovado uma lei, na Assembleia Legislativa, que permite a compra de vacinas contra a Covid-19, a decis\u00e3o da Ag\u00eancia Nacional de Vigil\u00e2ncia Sanit\u00e1ria (Anvisa) de autorizar a importa\u00e7\u00e3o da Sputinik V, com uma s\u00e9rie de restri\u00e7\u00f5es, deixa de fora o Estado. A informa\u00e7\u00e3o \u00e9 &hellip;<\/p>\n","protected":false},"author":1,"featured_media":16417,"comment_status":"closed","ping_status":"closed","sticky":false,"template":"","format":"standard","meta":{"_jetpack_newsletter_access":"","_jetpack_dont_email_post_to_subs":false,"_jetpack_newsletter_tier_id":0,"_jetpack_memberships_contains_paywalled_content":false,"_jetpack_memberships_contains_paid_content":false,"footnotes":""},"categories":[1],"tags":[],"class_list":["post-16416","post","type-post","status-publish","format-standard","has-post-thumbnail","hentry","category-destaque"],"jetpack_sharing_enabled":true,"jetpack_featured_media_url":"","_links":{"self":[{"href":"https:\/\/www.oparanews.com.br\/index.php\/wp-json\/wp\/v2\/posts\/16416","targetHints":{"allow":["GET"]}}],"collection":[{"href":"https:\/\/www.oparanews.com.br\/index.php\/wp-json\/wp\/v2\/posts"}],"about":[{"href":"https:\/\/www.oparanews.com.br\/index.php\/wp-json\/wp\/v2\/types\/post"}],"author":[{"embeddable":true,"href":"https:\/\/www.oparanews.com.br\/index.php\/wp-json\/wp\/v2\/users\/1"}],"replies":[{"embeddable":true,"href":"https:\/\/www.oparanews.com.br\/index.php\/wp-json\/wp\/v2\/comments?post=16416"}],"version-history":[{"count":0,"href":"https:\/\/www.oparanews.com.br\/index.php\/wp-json\/wp\/v2\/posts\/16416\/revisions"}],"wp:attachment":[{"href":"https:\/\/www.oparanews.com.br\/index.php\/wp-json\/wp\/v2\/media?parent=16416"}],"wp:term":[{"taxonomy":"category","embeddable":true,"href":"https:\/\/www.oparanews.com.br\/index.php\/wp-json\/wp\/v2\/categories?post=16416"},{"taxonomy":"post_tag","embeddable":true,"href":"https:\/\/www.oparanews.com.br\/index.php\/wp-json\/wp\/v2\/tags?post=16416"}],"curies":[{"name":"wp","href":"https:\/\/api.w.org\/{rel}","templated":true}]}}