{"id":16419,"date":"2021-06-09T13:42:54","date_gmt":"2021-06-09T13:42:54","guid":{"rendered":"https:\/\/oparanews.com.br\/?p=16419"},"modified":"2021-06-09T13:42:54","modified_gmt":"2021-06-09T13:42:54","slug":"brasil-tera-3a-onda-de-covid-em-junho-apontam-especialistas","status":"publish","type":"post","link":"https:\/\/www.oparanews.com.br\/index.php\/2021\/06\/09\/brasil-tera-3a-onda-de-covid-em-junho-apontam-especialistas\/","title":{"rendered":"Brasil ter\u00e1 3\u00aa onda de covid em junho, apontam especialistas"},"content":{"rendered":"<p>Especialistas alertam para a chegada de uma terceira onda de contamina\u00e7\u00e3o ainda em junho. O pa\u00eds \u00e9 o segundo com mais \u00f3bitos causados pelo coronav\u00edrus e ainda conta com uma lenta vacina\u00e7\u00e3o, chegando a 11% de vacinados com a segunda dose. Ao mesmo tempo realizou uma reabertura prematura da economia e com a chegada potencial da variante Delta, identificada pela primeira vez na \u00cdndia. Nesse cen\u00e1rio, especilistas preveem uma nova onda da pandemia.<\/p>\n<p>Alguns especialistas falam da chegada de uma terceira onda em junho ainda mais letal do que as duas primeiras, vista que parte de um plat\u00f4 muito mais alto, com uma m\u00e9dia m\u00f3vel de cerca de 2.000 mortes di\u00e1rias.<\/p>\n<p>Outros antecipam que no Brasil n\u00e3o se pode falar em ondas porque nunca nos 16 meses de pandemia se conseguiu controlar o v\u00edrus at\u00e9 a uma queda m\u00ednima de mortes e casos, como aconteceu, por exemplo, em pa\u00edses europeus. Nos dram\u00e1ticos meses de mar\u00e7o e abril, quando se chegou a um pico de mais de 4.000 mortos em um \u00fanico dia, quase todos os governadores voltaram a adotar o lockdown de servi\u00e7os n\u00e3o essenciais e toques de recolher noturnos.<\/p>\n<p>Mas os n\u00fameros ainda n\u00e3o tinham come\u00e7ado a cair e as medidas foram relaxadas, segundo os especialistas, de forma prematura, enquanto o pa\u00eds se aproxima do meio milh\u00e3o de mortos e apresenta uma das maiores taxas de mortalidade por 100.000 habitantes do mundo (mais de 220).<\/p>\n<p>No seu \u00faltimo boletim extraordin\u00e1rio, a Funda\u00e7\u00e3o Oswaldo Cruz (Fiocruz) advertiu que a \u201cflexibiliza\u00e7\u00e3o\u201d das medidas levar\u00e1 a \u201cuma intensifica\u00e7\u00e3o da pandemia\u201d nas pr\u00f3ximas semanas. Embora a m\u00e9dia de mortes permane\u00e7a est\u00e1vel, o n\u00famero de casos tende a subir em quase todo o pa\u00eds nas \u00faltimas semanas.<\/p>\n<p>&nbsp;<\/p>\n<p><strong>Fonte: Isto\u00e9<\/strong><\/p>\n<p>&nbsp;<\/p>\n","protected":false},"excerpt":{"rendered":"<p>Especialistas alertam para a chegada de uma terceira onda de contamina\u00e7\u00e3o ainda em junho. O pa\u00eds \u00e9 o segundo com mais \u00f3bitos causados pelo coronav\u00edrus e ainda conta com uma lenta vacina\u00e7\u00e3o, chegando a 11% de vacinados com a segunda dose. Ao mesmo tempo realizou uma reabertura prematura da economia e com a chegada potencial &hellip;<\/p>\n","protected":false},"author":1,"featured_media":16420,"comment_status":"closed","ping_status":"closed","sticky":false,"template":"","format":"standard","meta":{"_jetpack_newsletter_access":"","_jetpack_dont_email_post_to_subs":false,"_jetpack_newsletter_tier_id":0,"_jetpack_memberships_contains_paywalled_content":false,"_jetpack_memberships_contains_paid_content":false,"footnotes":""},"categories":[1],"tags":[],"class_list":["post-16419","post","type-post","status-publish","format-standard","has-post-thumbnail","hentry","category-destaque"],"jetpack_sharing_enabled":true,"jetpack_featured_media_url":"","_links":{"self":[{"href":"https:\/\/www.oparanews.com.br\/index.php\/wp-json\/wp\/v2\/posts\/16419","targetHints":{"allow":["GET"]}}],"collection":[{"href":"https:\/\/www.oparanews.com.br\/index.php\/wp-json\/wp\/v2\/posts"}],"about":[{"href":"https:\/\/www.oparanews.com.br\/index.php\/wp-json\/wp\/v2\/types\/post"}],"author":[{"embeddable":true,"href":"https:\/\/www.oparanews.com.br\/index.php\/wp-json\/wp\/v2\/users\/1"}],"replies":[{"embeddable":true,"href":"https:\/\/www.oparanews.com.br\/index.php\/wp-json\/wp\/v2\/comments?post=16419"}],"version-history":[{"count":0,"href":"https:\/\/www.oparanews.com.br\/index.php\/wp-json\/wp\/v2\/posts\/16419\/revisions"}],"wp:attachment":[{"href":"https:\/\/www.oparanews.com.br\/index.php\/wp-json\/wp\/v2\/media?parent=16419"}],"wp:term":[{"taxonomy":"category","embeddable":true,"href":"https:\/\/www.oparanews.com.br\/index.php\/wp-json\/wp\/v2\/categories?post=16419"},{"taxonomy":"post_tag","embeddable":true,"href":"https:\/\/www.oparanews.com.br\/index.php\/wp-json\/wp\/v2\/tags?post=16419"}],"curies":[{"name":"wp","href":"https:\/\/api.w.org\/{rel}","templated":true}]}}