{"id":16425,"date":"2021-06-09T13:47:56","date_gmt":"2021-06-09T13:47:56","guid":{"rendered":"https:\/\/oparanews.com.br\/?p=16425"},"modified":"2021-06-09T13:47:56","modified_gmt":"2021-06-09T13:47:56","slug":"paulo-ricardo-recebe-primeira-dose-da-vacina-contra-covid-19","status":"publish","type":"post","link":"https:\/\/www.oparanews.com.br\/index.php\/2021\/06\/09\/paulo-ricardo-recebe-primeira-dose-da-vacina-contra-covid-19\/","title":{"rendered":"Paulo Ricardo recebe primeira dose da vacina contra covid-19"},"content":{"rendered":"<p>A ind\u00fastria musical certamente foi duramente atingida pela pandemia do novo coronav\u00edrus. Shows e apresenta\u00e7\u00f5es foram imediatamente canceladas e muitos cantores se adaptaram, migrando os espet\u00e1culos para a modalidade online, com transmiss\u00f5es ao vivo por redes sociais ou YouTube.<\/p>\n<p>Foi nesse cen\u00e1rio que pensou o cantor Paulo Ricardo ao receber a primeira dose contra a covid-19 nesta ter\u00e7a-feira, 8.<\/p>\n<p>O ex-vocalista do RPM usou o perfil dele no Instagram para comemorar parte da imuniza\u00e7\u00e3o que recebeu, aos 58 anos de idade.<\/p>\n<p>&#8220;Obrigado galera de Oxford, obrigado SUS, obrigado Beatriz que aplicou minha primeira dose, obrigado a todos pelo carinho! Vacina j\u00e1 pra gente voltar a se ver o quanto antes nos shows que j\u00e1 estamos quase morrendo de saudades!&#8221;, escreveu na legenda da selfie que tirou ao ser vacinado.<\/p>\n<p>&nbsp;<\/p>\n<p><strong>Fonte: Estad\u00e3o<\/strong><\/p>\n<p>&nbsp;<\/p>\n","protected":false},"excerpt":{"rendered":"<p>A ind\u00fastria musical certamente foi duramente atingida pela pandemia do novo coronav\u00edrus. Shows e apresenta\u00e7\u00f5es foram imediatamente canceladas e muitos cantores se adaptaram, migrando os espet\u00e1culos para a modalidade online, com transmiss\u00f5es ao vivo por redes sociais ou YouTube. Foi nesse cen\u00e1rio que pensou o cantor Paulo Ricardo ao receber a primeira dose contra a &hellip;<\/p>\n","protected":false},"author":1,"featured_media":16426,"comment_status":"closed","ping_status":"closed","sticky":false,"template":"","format":"standard","meta":{"_jetpack_newsletter_access":"","_jetpack_dont_email_post_to_subs":false,"_jetpack_newsletter_tier_id":0,"_jetpack_memberships_contains_paywalled_content":false,"_jetpack_memberships_contains_paid_content":false,"footnotes":""},"categories":[1],"tags":[],"class_list":["post-16425","post","type-post","status-publish","format-standard","has-post-thumbnail","hentry","category-destaque"],"jetpack_sharing_enabled":true,"jetpack_featured_media_url":"","_links":{"self":[{"href":"https:\/\/www.oparanews.com.br\/index.php\/wp-json\/wp\/v2\/posts\/16425","targetHints":{"allow":["GET"]}}],"collection":[{"href":"https:\/\/www.oparanews.com.br\/index.php\/wp-json\/wp\/v2\/posts"}],"about":[{"href":"https:\/\/www.oparanews.com.br\/index.php\/wp-json\/wp\/v2\/types\/post"}],"author":[{"embeddable":true,"href":"https:\/\/www.oparanews.com.br\/index.php\/wp-json\/wp\/v2\/users\/1"}],"replies":[{"embeddable":true,"href":"https:\/\/www.oparanews.com.br\/index.php\/wp-json\/wp\/v2\/comments?post=16425"}],"version-history":[{"count":0,"href":"https:\/\/www.oparanews.com.br\/index.php\/wp-json\/wp\/v2\/posts\/16425\/revisions"}],"wp:attachment":[{"href":"https:\/\/www.oparanews.com.br\/index.php\/wp-json\/wp\/v2\/media?parent=16425"}],"wp:term":[{"taxonomy":"category","embeddable":true,"href":"https:\/\/www.oparanews.com.br\/index.php\/wp-json\/wp\/v2\/categories?post=16425"},{"taxonomy":"post_tag","embeddable":true,"href":"https:\/\/www.oparanews.com.br\/index.php\/wp-json\/wp\/v2\/tags?post=16425"}],"curies":[{"name":"wp","href":"https:\/\/api.w.org\/{rel}","templated":true}]}}