{"id":16434,"date":"2021-06-09T14:04:02","date_gmt":"2021-06-09T14:04:02","guid":{"rendered":"https:\/\/oparanews.com.br\/?p=16434"},"modified":"2021-06-09T14:04:02","modified_gmt":"2021-06-09T14:04:02","slug":"pfizer-testara-vacina-em-grupo-de-criancas-com-menos-de-12-anos","status":"publish","type":"post","link":"https:\/\/www.oparanews.com.br\/index.php\/2021\/06\/09\/pfizer-testara-vacina-em-grupo-de-criancas-com-menos-de-12-anos\/","title":{"rendered":"Pfizer testar\u00e1 vacina em grupo de crian\u00e7as com menos de 12 anos"},"content":{"rendered":"<p>A Pfizer anunciou nessa ter\u00e7a-feira (8) que vai come\u00e7ar a testar sua vacina contra a covid-19 em um grupo maior de crian\u00e7as com menos de 12 anos, ap\u00f3s selecionar uma dose menor da vacina em um est\u00e1gio mais inicial do estudo.<\/p>\n<p>A pesquisa vai envolver at\u00e9 4.500 crian\u00e7as em mais de 90 cl\u00ednicas nos Estados Unidos, na Finl\u00e2ndia, Pol\u00f4nia e Espanha, segundo a empresa.<\/p>\n<p>Considerando seguran\u00e7a, toler\u00e2ncia e a resposta imunol\u00f3gica gerada por 144 crian\u00e7as em um estudo de fase 1 da vacina de duas doses, a Pfizer disse que ir\u00e1 testar uma dose de 10 microgramas em crian\u00e7as com idades entre 5 e 11 anos, e de 3 microgramas para o grupo et\u00e1rio entre 6 meses e 5 anos de idade.<\/p>\n<p>Um porta-voz da Pfizer afirmou que a farmac\u00eautica espera os dados para o grupo entre 5 e 11 anos em setembro e que provavelmente solicitar\u00e1 \u00e0s ag\u00eancias reguladoras a autoriza\u00e7\u00e3o para uso emergencial no mesmo m\u00eas. Os dados para crian\u00e7as entre 2 e 5 anos de idade podem chegar logo depois, disse.<\/p>\n<p>A Pfizer espera ter os dados para o grupo entre 6 meses e 2 anos entre outubro e novembro.<\/p>\n<p>A vacina &#8211; desenvolvida em parceria com a empresa alem\u00e3 BioNTech &#8211; foi autorizada para uso em crian\u00e7as com 12 anos ou mais na Europa, nos Estados Unidos e no Canad\u00e1. Elas recebem a mesma dose que os adultos: 30 microgramas.<\/p>\n<p>Quase 7 milh\u00f5es de adolescentes receberam ao menos a primeira dose da vacina nos Estados Unidos, de acordo com o Centro para Controle e Preven\u00e7\u00e3o de Doen\u00e7as do pa\u00eds.<\/p>\n<p>&nbsp;<\/p>\n<p><strong>com Ag\u00eancia Brasil<\/strong><\/p>\n<p>&nbsp;<\/p>\n","protected":false},"excerpt":{"rendered":"<p>A Pfizer anunciou nessa ter\u00e7a-feira (8) que vai come\u00e7ar a testar sua vacina contra a covid-19 em um grupo maior de crian\u00e7as com menos de 12 anos, ap\u00f3s selecionar uma dose menor da vacina em um est\u00e1gio mais inicial do estudo. A pesquisa vai envolver at\u00e9 4.500 crian\u00e7as em mais de 90 cl\u00ednicas nos Estados &hellip;<\/p>\n","protected":false},"author":1,"featured_media":16435,"comment_status":"closed","ping_status":"closed","sticky":false,"template":"","format":"standard","meta":{"_jetpack_newsletter_access":"","_jetpack_dont_email_post_to_subs":false,"_jetpack_newsletter_tier_id":0,"_jetpack_memberships_contains_paywalled_content":false,"_jetpack_memberships_contains_paid_content":false,"footnotes":""},"categories":[1],"tags":[],"class_list":["post-16434","post","type-post","status-publish","format-standard","has-post-thumbnail","hentry","category-destaque"],"jetpack_sharing_enabled":true,"jetpack_featured_media_url":"","_links":{"self":[{"href":"https:\/\/www.oparanews.com.br\/index.php\/wp-json\/wp\/v2\/posts\/16434","targetHints":{"allow":["GET"]}}],"collection":[{"href":"https:\/\/www.oparanews.com.br\/index.php\/wp-json\/wp\/v2\/posts"}],"about":[{"href":"https:\/\/www.oparanews.com.br\/index.php\/wp-json\/wp\/v2\/types\/post"}],"author":[{"embeddable":true,"href":"https:\/\/www.oparanews.com.br\/index.php\/wp-json\/wp\/v2\/users\/1"}],"replies":[{"embeddable":true,"href":"https:\/\/www.oparanews.com.br\/index.php\/wp-json\/wp\/v2\/comments?post=16434"}],"version-history":[{"count":0,"href":"https:\/\/www.oparanews.com.br\/index.php\/wp-json\/wp\/v2\/posts\/16434\/revisions"}],"wp:attachment":[{"href":"https:\/\/www.oparanews.com.br\/index.php\/wp-json\/wp\/v2\/media?parent=16434"}],"wp:term":[{"taxonomy":"category","embeddable":true,"href":"https:\/\/www.oparanews.com.br\/index.php\/wp-json\/wp\/v2\/categories?post=16434"},{"taxonomy":"post_tag","embeddable":true,"href":"https:\/\/www.oparanews.com.br\/index.php\/wp-json\/wp\/v2\/tags?post=16434"}],"curies":[{"name":"wp","href":"https:\/\/api.w.org\/{rel}","templated":true}]}}