{"id":16464,"date":"2021-06-10T12:31:18","date_gmt":"2021-06-10T12:31:18","guid":{"rendered":"https:\/\/oparanews.com.br\/?p=16464"},"modified":"2021-06-10T12:31:18","modified_gmt":"2021-06-10T12:31:18","slug":"bolsonaro-sera-multado-se-andar-sem-mascara-em-sp-diz-doria","status":"publish","type":"post","link":"https:\/\/www.oparanews.com.br\/index.php\/2021\/06\/10\/bolsonaro-sera-multado-se-andar-sem-mascara-em-sp-diz-doria\/","title":{"rendered":"Bolsonaro ser\u00e1 multado se andar sem m\u00e1scara em SP, diz Doria"},"content":{"rendered":"<p>O governador de S\u00e3o Paulo, Jo\u00e3o Doria (PSDB), afirmou nesta quarta-feira (9) que o presidente Jair Bolsonaro (sem partido) ser\u00e1 multado se participar de um movimento de rua no Estado sem o uso de m\u00e1scara de prote\u00e7\u00e3o. &#8220;Ele ser\u00e1 multado como qualquer outro cidad\u00e3o que n\u00e3o usar m\u00e1scara&#8221;, declarou o governador em coletiva de imprensa no Pal\u00e1cio dos Bandeirantes.<\/p>\n<p>Bolsonaro planeja participar, no pr\u00f3ximo s\u00e1bado (12), de um passeio de moto com simpatizantes do governo. O presidente prev\u00ea a participa\u00e7\u00e3o de 100 mil motos, que ter\u00e1 um percurso de 120 quil\u00f4metros, na capital paulista. O presidente j\u00e1 participou de dois eventos parecidos, o primeiro em 9 de maio, em Bras\u00edlia, e o segundo na cidade do Rio de Janeiro, no \u00faltimo dia 23 de maio. Em ambos os atos, Bolsonaro n\u00e3o fez uso de m\u00e1scaras.<\/p>\n<p>Citando as manifesta\u00e7\u00f5es contr\u00e1rias ao governo que aconteceram no dia 29 de maio, Doria afirmou que &#8220;todos estavam com m\u00e1scara&#8221;. &#8220;As pessoas respeitaram a determina\u00e7\u00e3o do Governo do Estado de S\u00e3o Paulo&#8221;.<\/p>\n<p>O coordenador executivo do Centro de Conting\u00eancia da Covid-19, Jo\u00e3o Gabbardo, se posicionou contra a manifesta\u00e7\u00e3o pretendida por Bolsonaro, mas afastou um poss\u00edvel posicionamento ideol\u00f3gico. Segundo ele, o Centro de Conting\u00eancia &#8220;\u00e9 absolutamente contr\u00e1rios a qualquer tipo de manifesta\u00e7\u00e3o, seja do lado A ou do lado B&#8221;.<\/p>\n<p>&#8220;A recomenda\u00e7\u00e3o \u00e9 que n\u00e3o ocorra esse tipo de atividade&#8221;, declarou. Na avalia\u00e7\u00e3o do \u00f3rg\u00e3o, manifesta\u00e7\u00f5es tendem a aumentar o risco de contamina\u00e7\u00e3o por covid-19 e &#8220;com certeza prorroga o per\u00edodo que n\u00f3s temos de enfrentamento a pandemia&#8221;, afirmou Gabbardo.<\/p>\n<p>Em 21 de maio, o presidente foi multado pelo governo do Maranh\u00e3o por n\u00e3o usar m\u00e1scara e provocar aglomera\u00e7\u00e3o em visita ao munic\u00edpio de A\u00e7ail\u00e2ndia. Durante o evento, o presidente cumprimentou apoiadores e visitou a sede do Sindicato dos Produtores Rurais. O uso do item de prote\u00e7\u00e3o em locais p\u00fablicos \u00e9 obrigat\u00f3rio no Estado desde setembro de 2020.<\/p>\n<p>&nbsp;<\/p>\n<p><strong>por Sofia Aguiar e Gustavo Queiroz, especial para AE<\/strong><\/p>\n<p>&nbsp;<\/p>\n","protected":false},"excerpt":{"rendered":"<p>O governador de S\u00e3o Paulo, Jo\u00e3o Doria (PSDB), afirmou nesta quarta-feira (9) que o presidente Jair Bolsonaro (sem partido) ser\u00e1 multado se participar de um movimento de rua no Estado sem o uso de m\u00e1scara de prote\u00e7\u00e3o. &#8220;Ele ser\u00e1 multado como qualquer outro cidad\u00e3o que n\u00e3o usar m\u00e1scara&#8221;, declarou o governador em coletiva de imprensa &hellip;<\/p>\n","protected":false},"author":1,"featured_media":16465,"comment_status":"closed","ping_status":"closed","sticky":false,"template":"","format":"standard","meta":{"_jetpack_newsletter_access":"","_jetpack_dont_email_post_to_subs":false,"_jetpack_newsletter_tier_id":0,"_jetpack_memberships_contains_paywalled_content":false,"_jetpack_memberships_contains_paid_content":false,"footnotes":""},"categories":[1],"tags":[],"class_list":["post-16464","post","type-post","status-publish","format-standard","has-post-thumbnail","hentry","category-destaque"],"jetpack_sharing_enabled":true,"jetpack_featured_media_url":"","_links":{"self":[{"href":"https:\/\/www.oparanews.com.br\/index.php\/wp-json\/wp\/v2\/posts\/16464","targetHints":{"allow":["GET"]}}],"collection":[{"href":"https:\/\/www.oparanews.com.br\/index.php\/wp-json\/wp\/v2\/posts"}],"about":[{"href":"https:\/\/www.oparanews.com.br\/index.php\/wp-json\/wp\/v2\/types\/post"}],"author":[{"embeddable":true,"href":"https:\/\/www.oparanews.com.br\/index.php\/wp-json\/wp\/v2\/users\/1"}],"replies":[{"embeddable":true,"href":"https:\/\/www.oparanews.com.br\/index.php\/wp-json\/wp\/v2\/comments?post=16464"}],"version-history":[{"count":0,"href":"https:\/\/www.oparanews.com.br\/index.php\/wp-json\/wp\/v2\/posts\/16464\/revisions"}],"wp:attachment":[{"href":"https:\/\/www.oparanews.com.br\/index.php\/wp-json\/wp\/v2\/media?parent=16464"}],"wp:term":[{"taxonomy":"category","embeddable":true,"href":"https:\/\/www.oparanews.com.br\/index.php\/wp-json\/wp\/v2\/categories?post=16464"},{"taxonomy":"post_tag","embeddable":true,"href":"https:\/\/www.oparanews.com.br\/index.php\/wp-json\/wp\/v2\/tags?post=16464"}],"curies":[{"name":"wp","href":"https:\/\/api.w.org\/{rel}","templated":true}]}}