{"id":16470,"date":"2021-06-10T13:01:16","date_gmt":"2021-06-10T13:01:16","guid":{"rendered":"https:\/\/oparanews.com.br\/?p=16470"},"modified":"2021-06-10T13:01:16","modified_gmt":"2021-06-10T13:01:16","slug":"carla-diaz-e-arthur-picoli-vivem-romance-fora-do-reality","status":"publish","type":"post","link":"https:\/\/www.oparanews.com.br\/index.php\/2021\/06\/10\/carla-diaz-e-arthur-picoli-vivem-romance-fora-do-reality\/","title":{"rendered":"Carla Diaz e Arthur Picoli vivem romance fora do reality"},"content":{"rendered":"<p>Carthur est\u00e1 vivo, de acordo com o jornal Extra. Carla Diaz e Arthur Picoli, que tiveram um breve romance dentro da casa do \u201cBBB 21\u201d e foram apelidados de \u2018Carthur\u2019 pelos f\u00e3s, estariam juntos novamente. A atriz teria sido vista v\u00e1rias vezes entrando e saindo da Vila do Pan \u2014 conjunto de pr\u00e9dios feitos na \u00e9poca dos Jogos Panamericanos no Rio e destinados \u00e0 moradia \u2014, onde Arthur mora.<\/p>\n<p>Na \u00faltima ter\u00e7a-feira (8) durante uma live com Gilberto, Pocah e Thais, Carla foi focalizada enquanto Arthur estava online. Ambos ficaram bem desconcertados e reacenderam a torcida dos f\u00e3s.<\/p>\n<p>Segundo amigos do crossfiteiro, ele n\u00e3o estava brincando quando disse que estava apaixonado por Carla, que decidiu, aos poucos, dar uma nova chance a Arthur Picoli de Conduru para ser seu parceiro na vida j\u00e1 que o jogo acabou.<\/p>\n<p>\u201cMas ela ainda sente receio do julgamento que teve aqui fora com sua elimina\u00e7\u00e3o e tudo o que viu e ouviu sobre ele no confinamento\u201d, assegura uma fonte ligada ao casal.<\/p>\n<p>&nbsp;<\/p>\n<p><strong>Fonte: Isto\u00e9<\/strong><\/p>\n<p>&nbsp;<\/p>\n","protected":false},"excerpt":{"rendered":"<p>Carthur est\u00e1 vivo, de acordo com o jornal Extra. Carla Diaz e Arthur Picoli, que tiveram um breve romance dentro da casa do \u201cBBB 21\u201d e foram apelidados de \u2018Carthur\u2019 pelos f\u00e3s, estariam juntos novamente. A atriz teria sido vista v\u00e1rias vezes entrando e saindo da Vila do Pan \u2014 conjunto de pr\u00e9dios feitos na &hellip;<\/p>\n","protected":false},"author":1,"featured_media":16471,"comment_status":"closed","ping_status":"closed","sticky":false,"template":"","format":"standard","meta":{"_jetpack_newsletter_access":"","_jetpack_dont_email_post_to_subs":false,"_jetpack_newsletter_tier_id":0,"_jetpack_memberships_contains_paywalled_content":false,"_jetpack_memberships_contains_paid_content":false,"footnotes":""},"categories":[1],"tags":[],"class_list":["post-16470","post","type-post","status-publish","format-standard","has-post-thumbnail","hentry","category-destaque"],"jetpack_sharing_enabled":true,"jetpack_featured_media_url":"","_links":{"self":[{"href":"https:\/\/www.oparanews.com.br\/index.php\/wp-json\/wp\/v2\/posts\/16470","targetHints":{"allow":["GET"]}}],"collection":[{"href":"https:\/\/www.oparanews.com.br\/index.php\/wp-json\/wp\/v2\/posts"}],"about":[{"href":"https:\/\/www.oparanews.com.br\/index.php\/wp-json\/wp\/v2\/types\/post"}],"author":[{"embeddable":true,"href":"https:\/\/www.oparanews.com.br\/index.php\/wp-json\/wp\/v2\/users\/1"}],"replies":[{"embeddable":true,"href":"https:\/\/www.oparanews.com.br\/index.php\/wp-json\/wp\/v2\/comments?post=16470"}],"version-history":[{"count":0,"href":"https:\/\/www.oparanews.com.br\/index.php\/wp-json\/wp\/v2\/posts\/16470\/revisions"}],"wp:attachment":[{"href":"https:\/\/www.oparanews.com.br\/index.php\/wp-json\/wp\/v2\/media?parent=16470"}],"wp:term":[{"taxonomy":"category","embeddable":true,"href":"https:\/\/www.oparanews.com.br\/index.php\/wp-json\/wp\/v2\/categories?post=16470"},{"taxonomy":"post_tag","embeddable":true,"href":"https:\/\/www.oparanews.com.br\/index.php\/wp-json\/wp\/v2\/tags?post=16470"}],"curies":[{"name":"wp","href":"https:\/\/api.w.org\/{rel}","templated":true}]}}