{"id":16478,"date":"2021-06-10T15:29:46","date_gmt":"2021-06-10T15:29:46","guid":{"rendered":"https:\/\/oparanews.com.br\/?p=16478"},"modified":"2021-06-10T15:29:46","modified_gmt":"2021-06-10T15:29:46","slug":"prefeitura-de-penedo-transporta-moradores-da-zona-rural-para-vacinar-contra-covid","status":"publish","type":"post","link":"https:\/\/www.oparanews.com.br\/index.php\/2021\/06\/10\/prefeitura-de-penedo-transporta-moradores-da-zona-rural-para-vacinar-contra-covid\/","title":{"rendered":"Prefeitura de Penedo transporta moradores da zona rural para vacinar contra Covid"},"content":{"rendered":"<p>Quem reside na zona rural tem dificuldade de ter acesso a servi\u00e7os dispon\u00edveis na cidade. Dist\u00e2ncia, falta de transporte ou condi\u00e7\u00e3o da estrada s\u00e3o barreiras que a gest\u00e3o Crescendo Com Seu Povo supera para aproximar fam\u00edlias do campo das obriga\u00e7\u00f5es do poder p\u00fablico.<\/p>\n<p>A orienta\u00e7\u00e3o do Prefeito Ronaldo Lopes ao primeiro escal\u00e3o do governo \u00e9 seguida \u00e0 risca. Desde o in\u00edcio do seu mandato que estradas vicinais est\u00e3o sendo recuperadas, a\u00e7\u00e3o fundamental para viabilizar o fluxo de pessoas e escoar a produ\u00e7\u00e3o agr\u00edcola.<\/p>\n<p>Al\u00e9m disse, a cidade e a zona rural est\u00e3o mais pr\u00f3ximas por meio das a\u00e7\u00f5es de busca ativa. As Secretarias Municipais de Sa\u00fade, Desenvolvimento Social e Educa\u00e7\u00e3o atendem os moradores em suas comunidades, prova do compromisso do gestor penedense com toda a popula\u00e7\u00e3o.<\/p>\n<p><strong>Vacina Contar Covid-19<\/strong><\/p>\n<p>No in\u00edcio da pr\u00f3xima semana, mais um trabalho nesse sentido ser\u00e1 desenvolvido pela gest\u00e3o Crescendo Com Seu Povo.<\/p>\n<p>Com transporte cedido pela Secretaria Municipal de Educa\u00e7\u00e3o, moradores de seis comunidades com maior n\u00famero de habitantes da zona rural e povoados pr\u00f3ximos ser\u00e3o levados at\u00e9 a Central de Vacina contra Covid.<\/p>\n<p>A a\u00e7\u00e3o da Secretaria Municipal de Sa\u00fade atender\u00e1 pessoas com idade igual ou maior do que 48 anos e portadores de comorbidade com 18 anos ou mais, assim como quem possui defici\u00eancia permanente, mas consegue se locomover.<\/p>\n<p>O trabalho conjunto atender\u00e1 na segunda-feira, 14, as comunidades Palmeira Alta, Ponta Mofina e os dois n\u00facleos da Cooperativa.<\/p>\n<p>Na ter\u00e7a-feira, 15, ser\u00e1 a vez dos moradores dos povoados Capela, Santa Margarida e Tabuleiros dos Negros.<\/p>\n<p>Para ter acesso, basta se dirigir at\u00e9 o posto de sa\u00fade informado por cada equipe local.<\/p>\n<p>&nbsp;<\/p>\n<p><strong>Fonte: Decom &#8211; PMP<\/strong><\/p>\n<p>&nbsp;<\/p>\n<p><a href=\"https:\/\/oparanews.com.br\/wp-content\/uploads\/2021\/06\/Sem-t\u00edtulo-88.jpg\"><img loading=\"lazy\" decoding=\"async\" class=\"alignleft size-medium wp-image-16480\" src=\"https:\/\/oparanews.com.br\/wp-content\/uploads\/2021\/06\/Sem-t\u00edtulo-88-268x300.jpg\" alt=\"\" width=\"268\" height=\"300\" \/><\/a><\/p>\n<p>&nbsp;<\/p>\n","protected":false},"excerpt":{"rendered":"<p>Quem reside na zona rural tem dificuldade de ter acesso a servi\u00e7os dispon\u00edveis na cidade. Dist\u00e2ncia, falta de transporte ou condi\u00e7\u00e3o da estrada s\u00e3o barreiras que a gest\u00e3o Crescendo Com Seu Povo supera para aproximar fam\u00edlias do campo das obriga\u00e7\u00f5es do poder p\u00fablico. A orienta\u00e7\u00e3o do Prefeito Ronaldo Lopes ao primeiro escal\u00e3o do governo \u00e9 &hellip;<\/p>\n","protected":false},"author":1,"featured_media":16479,"comment_status":"closed","ping_status":"closed","sticky":false,"template":"","format":"standard","meta":{"_jetpack_newsletter_access":"","_jetpack_dont_email_post_to_subs":false,"_jetpack_newsletter_tier_id":0,"_jetpack_memberships_contains_paywalled_content":false,"_jetpack_memberships_contains_paid_content":false,"footnotes":""},"categories":[1],"tags":[],"class_list":["post-16478","post","type-post","status-publish","format-standard","has-post-thumbnail","hentry","category-destaque"],"jetpack_sharing_enabled":true,"jetpack_featured_media_url":"","_links":{"self":[{"href":"https:\/\/www.oparanews.com.br\/index.php\/wp-json\/wp\/v2\/posts\/16478","targetHints":{"allow":["GET"]}}],"collection":[{"href":"https:\/\/www.oparanews.com.br\/index.php\/wp-json\/wp\/v2\/posts"}],"about":[{"href":"https:\/\/www.oparanews.com.br\/index.php\/wp-json\/wp\/v2\/types\/post"}],"author":[{"embeddable":true,"href":"https:\/\/www.oparanews.com.br\/index.php\/wp-json\/wp\/v2\/users\/1"}],"replies":[{"embeddable":true,"href":"https:\/\/www.oparanews.com.br\/index.php\/wp-json\/wp\/v2\/comments?post=16478"}],"version-history":[{"count":0,"href":"https:\/\/www.oparanews.com.br\/index.php\/wp-json\/wp\/v2\/posts\/16478\/revisions"}],"wp:attachment":[{"href":"https:\/\/www.oparanews.com.br\/index.php\/wp-json\/wp\/v2\/media?parent=16478"}],"wp:term":[{"taxonomy":"category","embeddable":true,"href":"https:\/\/www.oparanews.com.br\/index.php\/wp-json\/wp\/v2\/categories?post=16478"},{"taxonomy":"post_tag","embeddable":true,"href":"https:\/\/www.oparanews.com.br\/index.php\/wp-json\/wp\/v2\/tags?post=16478"}],"curies":[{"name":"wp","href":"https:\/\/api.w.org\/{rel}","templated":true}]}}