{"id":16488,"date":"2021-06-11T00:21:52","date_gmt":"2021-06-11T00:21:52","guid":{"rendered":"https:\/\/oparanews.com.br\/?p=16488"},"modified":"2021-06-11T00:21:52","modified_gmt":"2021-06-11T00:21:52","slug":"tiago-leifert-e-chamado-as-pressas-para-substituir-faustao","status":"publish","type":"post","link":"https:\/\/www.oparanews.com.br\/index.php\/2021\/06\/11\/tiago-leifert-e-chamado-as-pressas-para-substituir-faustao\/","title":{"rendered":"Tiago Leifert \u00e9 chamado \u00e0s pressas para substituir Faust\u00e3o"},"content":{"rendered":"<p>Pela primeira vez em mais de 32 anos de Globo, Fausto Silva deixar\u00e1 de gravar o &#8216;Doming\u00e3o do Faust\u00e3o&#8217; por problemas de sa\u00fade.<\/p>\n<p>Na manh\u00e3 desta quinta-feira, 10, o apresentador acordou se sentindo mal e foi internado no Hospital Insraelita Albert Einstein, em S\u00e3o Paulo. Quem assumir\u00e1 o dominical neste domingo, 13. ser\u00e1 Tiago Leifert, que comanda o &#8216;BBB&#8217; na emissora.<\/p>\n<p><strong>Confira o comunicado na \u00edntegra<\/strong><\/p>\n<p><em>&#8220;Nesta semana, Tiago Leifert apresenta o &#8216;Doming\u00e3o do Faust\u00e3o&#8217;, substituindo Fausto Silva, que se recupera de uma infec\u00e7\u00e3o urin\u00e1ria. Neste domingo, dia 13, ir\u00e1 ao ar uma disputa in\u00e9dita no mata-mata da &#8216;Super Dan\u00e7a dos Famosos&#8217;. Dan\u00e7ando os ritmos forr\u00f3 e rock, tr\u00eas competidores mostram, no palco do programa, tudo que ensaiaram para garantir uma das vagas da semifinal: o ex-atleta Robson Caetano, vencedor da &#8216;Dan\u00e7a dos Famosos&#8217; de 2006, e as atrizes Sophia Abrah\u00e3o e Dandara Mariana; as duas ficaram em segundo lugar nos anos de 2016 e 2019, respectivamente.<\/em><\/p>\n<p><em>A semifinal do quadro j\u00e1 conta com Maria Joana, Marcello Melo Jr, Paolla Oliveira e Lucy Ramos. Enquanto isso, Mariana Santos, Claudia Ohana, Rodrigo Simas, Juliana Didone, Arthur Aguiar, Viviane Ara\u00fajo, Carmo Dalla Vecchia e Nelson Freitas aguardam a repescagem para tentar a chance de voltar \u00e0 disputa.&#8221;<\/em><\/p>\n<p><strong>Quadro cl\u00ednico<\/strong><\/p>\n<p>Fausto se recupera de uma infec\u00e7\u00e3o urin\u00e1ria e permanecer\u00e1 internado para observa\u00e7\u00e3o dos quadros de glicemia e press\u00e3o arterial. A alta m\u00e9dica est\u00e1 prevista para s\u00e1bado, 12 de junho.<\/p>\n<p>No in\u00edcio do ano, circularam rumores de que o apresentador estaria com problemas de sa\u00fade, no entanto n\u00e3o era nada grave. Faust\u00e3o passava apenas por &#8216;sess\u00f5es de desinchamento&#8217; devido a um edema linf\u00e1tico nas pernas.<\/p>\n<p><strong>Despedida da Globo<\/strong><\/p>\n<p>Em janeiro de 2021, ap\u00f3s diversas negocia\u00e7\u00f5es, Fausto Silva decidiu deixar a emissora, onde trabalha desde 1989. Em abril, fechou um contrato de cinco anos com a Band, v\u00e1lido a partir de janeiro de 2022. Seu \u00faltimo programa na casa est\u00e1 marcado para o dia 26 de dezembro, sem despedidas.&#8221;<\/p>\n<p>&nbsp;<\/p>\n<p><strong>por Caroline Ferreira\/Terra<\/strong><\/p>\n<p>&nbsp;<\/p>\n","protected":false},"excerpt":{"rendered":"<p>Pela primeira vez em mais de 32 anos de Globo, Fausto Silva deixar\u00e1 de gravar o &#8216;Doming\u00e3o do Faust\u00e3o&#8217; por problemas de sa\u00fade. Na manh\u00e3 desta quinta-feira, 10, o apresentador acordou se sentindo mal e foi internado no Hospital Insraelita Albert Einstein, em S\u00e3o Paulo. Quem assumir\u00e1 o dominical neste domingo, 13. ser\u00e1 Tiago Leifert, &hellip;<\/p>\n","protected":false},"author":1,"featured_media":16489,"comment_status":"closed","ping_status":"closed","sticky":false,"template":"","format":"standard","meta":{"_jetpack_newsletter_access":"","_jetpack_dont_email_post_to_subs":false,"_jetpack_newsletter_tier_id":0,"_jetpack_memberships_contains_paywalled_content":false,"_jetpack_memberships_contains_paid_content":false,"footnotes":""},"categories":[1],"tags":[],"class_list":["post-16488","post","type-post","status-publish","format-standard","has-post-thumbnail","hentry","category-destaque"],"jetpack_sharing_enabled":true,"jetpack_featured_media_url":"","_links":{"self":[{"href":"https:\/\/www.oparanews.com.br\/index.php\/wp-json\/wp\/v2\/posts\/16488","targetHints":{"allow":["GET"]}}],"collection":[{"href":"https:\/\/www.oparanews.com.br\/index.php\/wp-json\/wp\/v2\/posts"}],"about":[{"href":"https:\/\/www.oparanews.com.br\/index.php\/wp-json\/wp\/v2\/types\/post"}],"author":[{"embeddable":true,"href":"https:\/\/www.oparanews.com.br\/index.php\/wp-json\/wp\/v2\/users\/1"}],"replies":[{"embeddable":true,"href":"https:\/\/www.oparanews.com.br\/index.php\/wp-json\/wp\/v2\/comments?post=16488"}],"version-history":[{"count":0,"href":"https:\/\/www.oparanews.com.br\/index.php\/wp-json\/wp\/v2\/posts\/16488\/revisions"}],"wp:attachment":[{"href":"https:\/\/www.oparanews.com.br\/index.php\/wp-json\/wp\/v2\/media?parent=16488"}],"wp:term":[{"taxonomy":"category","embeddable":true,"href":"https:\/\/www.oparanews.com.br\/index.php\/wp-json\/wp\/v2\/categories?post=16488"},{"taxonomy":"post_tag","embeddable":true,"href":"https:\/\/www.oparanews.com.br\/index.php\/wp-json\/wp\/v2\/tags?post=16488"}],"curies":[{"name":"wp","href":"https:\/\/api.w.org\/{rel}","templated":true}]}}