{"id":16491,"date":"2021-06-11T00:23:37","date_gmt":"2021-06-11T00:23:37","guid":{"rendered":"https:\/\/oparanews.com.br\/?p=16491"},"modified":"2021-06-11T00:23:37","modified_gmt":"2021-06-11T00:23:37","slug":"bolsonaro-quer-parecer-desobrigando-mascaras-a-imunizados","status":"publish","type":"post","link":"https:\/\/www.oparanews.com.br\/index.php\/2021\/06\/11\/bolsonaro-quer-parecer-desobrigando-mascaras-a-imunizados\/","title":{"rendered":"Bolsonaro quer parecer desobrigando m\u00e1scaras a imunizados"},"content":{"rendered":"<p>O presidente Jair Bolsonaro afirmou nesta quinta-feira que o ministro da Sa\u00fade finaliza um parecer que ir\u00e1 desobrigar o uso de m\u00e1scaras \u00e0queles que j\u00e1 estiverem vacinados ou ainda a quem j\u00e1 tiver contra\u00eddo a covid-19.<\/p>\n<p>Bolsonaro j\u00e1 participou de eventos p\u00fablicos em que havia a aglomera\u00e7\u00e3o de pessoas sem o uso da prote\u00e7\u00e3o. Mas o ministro da Sa\u00fade, por outro lado, vem defendendo o uso da m\u00e1scara e de outras medidas n\u00e3o farmacol\u00f3gicas, como o distanciamento f\u00edsico, como instrumentos de preven\u00e7\u00e3o e conten\u00e7\u00e3o da dissemina\u00e7\u00e3o do coronav\u00edrus e externou publicamente essa posi\u00e7\u00e3o nesta semana em depoimento \u00e0 Comiss\u00e3o Parlamentar de Inqu\u00e9rito (CPI).<\/p>\n<p>&#8220;Acabei de conversar com um tal de Queiroga, n\u00e3o sei se voc\u00eas sabem quem \u00e9, o nosso ministro da Sa\u00fade. E ele vai ultimar um parecer visando a desobrigar o uso de m\u00e1scara por parte daqueles que j\u00e1 estejam vacinados ou que j\u00e1 foram contaminados. Para tirar esse s\u00edmbolo, que obviamente tem a sua utilidade para quem est\u00e1 infectado&#8221;, disse o presidente em evento de apoio ao setor de Turismo.<\/p>\n<p>&nbsp;<\/p>\n<p><strong>por Maria Carolina Marcello \/Terra<\/strong><\/p>\n<p>&nbsp;<\/p>\n","protected":false},"excerpt":{"rendered":"<p>O presidente Jair Bolsonaro afirmou nesta quinta-feira que o ministro da Sa\u00fade finaliza um parecer que ir\u00e1 desobrigar o uso de m\u00e1scaras \u00e0queles que j\u00e1 estiverem vacinados ou ainda a quem j\u00e1 tiver contra\u00eddo a covid-19. Bolsonaro j\u00e1 participou de eventos p\u00fablicos em que havia a aglomera\u00e7\u00e3o de pessoas sem o uso da prote\u00e7\u00e3o. Mas &hellip;<\/p>\n","protected":false},"author":1,"featured_media":16492,"comment_status":"closed","ping_status":"closed","sticky":false,"template":"","format":"standard","meta":{"_jetpack_newsletter_access":"","_jetpack_dont_email_post_to_subs":false,"_jetpack_newsletter_tier_id":0,"_jetpack_memberships_contains_paywalled_content":false,"_jetpack_memberships_contains_paid_content":false,"footnotes":""},"categories":[1],"tags":[],"class_list":["post-16491","post","type-post","status-publish","format-standard","has-post-thumbnail","hentry","category-destaque"],"jetpack_sharing_enabled":true,"jetpack_featured_media_url":"","_links":{"self":[{"href":"https:\/\/www.oparanews.com.br\/index.php\/wp-json\/wp\/v2\/posts\/16491","targetHints":{"allow":["GET"]}}],"collection":[{"href":"https:\/\/www.oparanews.com.br\/index.php\/wp-json\/wp\/v2\/posts"}],"about":[{"href":"https:\/\/www.oparanews.com.br\/index.php\/wp-json\/wp\/v2\/types\/post"}],"author":[{"embeddable":true,"href":"https:\/\/www.oparanews.com.br\/index.php\/wp-json\/wp\/v2\/users\/1"}],"replies":[{"embeddable":true,"href":"https:\/\/www.oparanews.com.br\/index.php\/wp-json\/wp\/v2\/comments?post=16491"}],"version-history":[{"count":0,"href":"https:\/\/www.oparanews.com.br\/index.php\/wp-json\/wp\/v2\/posts\/16491\/revisions"}],"wp:attachment":[{"href":"https:\/\/www.oparanews.com.br\/index.php\/wp-json\/wp\/v2\/media?parent=16491"}],"wp:term":[{"taxonomy":"category","embeddable":true,"href":"https:\/\/www.oparanews.com.br\/index.php\/wp-json\/wp\/v2\/categories?post=16491"},{"taxonomy":"post_tag","embeddable":true,"href":"https:\/\/www.oparanews.com.br\/index.php\/wp-json\/wp\/v2\/tags?post=16491"}],"curies":[{"name":"wp","href":"https:\/\/api.w.org\/{rel}","templated":true}]}}