{"id":16494,"date":"2021-06-11T00:27:16","date_gmt":"2021-06-11T00:27:16","guid":{"rendered":"https:\/\/oparanews.com.br\/?p=16494"},"modified":"2021-06-11T00:27:16","modified_gmt":"2021-06-11T00:27:16","slug":"brasil-ultrapassa-480-mil-mortes-por-covid","status":"publish","type":"post","link":"https:\/\/www.oparanews.com.br\/index.php\/2021\/06\/11\/brasil-ultrapassa-480-mil-mortes-por-covid\/","title":{"rendered":"Brasil ultrapassa 480 mil mortes por Covid"},"content":{"rendered":"<p>O Brasil registrou 2.344 mortes por Covid-19 nas \u00faltimas 24 horas, totalizando nesta quinta-feira (10) 482.135 \u00f3bitos desde o in\u00edcio da pandemia. Com isso, a m\u00e9dia m\u00f3vel de mortes nos \u00faltimos 7 dias chegou a 1.764. Em compara\u00e7\u00e3o \u00e0 m\u00e9dia de 14 dias atr\u00e1s, a varia\u00e7\u00e3o foi de -2% e indica tend\u00eancia de estabilidade nos \u00f3bitos decorrentes do v\u00edrus.<\/p>\n<p>\u00c9 o 23\u00ba dia seguido de estabilidade na compara\u00e7\u00e3o com duas semanas atr\u00e1s. Isso significa que o ritmo atual das mortes por Covid tem se assemelhado mais a um plat\u00f4 do que a uma queda ou a um aumento na curva, e isso em patamar bastante elevado.<\/p>\n<p>Os n\u00fameros est\u00e3o no novo levantamento do cons\u00f3rcio de ve\u00edculos de imprensa sobre a situa\u00e7\u00e3o da pandemia de coronav\u00edrus no Brasil, consolidados \u00e0s 20h desta quinta. O balan\u00e7o \u00e9 feito a partir de dados das secretarias estaduais de Sa\u00fade.<\/p>\n<p>Sexta (4): 1.685<br \/>\nS\u00e1bado (5): 1.641<br \/>\nDomingo (6): 1.629<br \/>\nSegunda (7): 1.664<br \/>\nTer\u00e7a (8): 1.714<br \/>\nQuarta (9): 1.727<br \/>\nQuinta (10): 1.764<\/p>\n<p>S\u00e3o agora 31 dias com a m\u00e9dia de mortes abaixo da marca de 2 mil. De 17 de mar\u00e7o at\u00e9 10 de maio, foram 55 dias seguidos com essa m\u00e9dia acima de 2 mil. No pior momento desse per\u00edodo, a m\u00e9dia chegou ao recorde de 3.125, no dia 12 de abril.<\/p>\n<p>Quatro estados aparecem com tend\u00eancia de alta nas mortes: AM, MT, PE e RN.<\/p>\n<p>O estado do Cear\u00e1, por meio de nota da Secretaria da Sa\u00fade, afirma que o n\u00famero de \u00f3bitos (21.379) atualizado nesta quinta-feira n\u00e3o cont\u00e9m registro de novas mortes em rela\u00e7\u00e3o ao n\u00famero do dia anterior e que &#8220;a redu\u00e7\u00e3o excepcional&#8221; \u00e9 justificada pela inconsist\u00eancia dos sistemas de notifica\u00e7\u00f5es entre a Secretaria e os munic\u00edpios cearenses. &#8220;Foram realizados tamb\u00e9m ajustes na contabiliza\u00e7\u00e3o dos \u00f3bitos seguindo a classifica\u00e7\u00e3o realizada pelas equipes de vigil\u00e2ncia dos munic\u00edpios e regi\u00f5es de sa\u00fade do Estado&#8221;, diz a nota.<\/p>\n<p>Em casos confirmados, desde o come\u00e7o da pandemia 17.215.159 brasileiros j\u00e1 tiveram ou t\u00eam o novo coronav\u00edrus, com 89.802 desses confirmados no \u00faltimo dia. A m\u00e9dia m\u00f3vel nos \u00faltimos 7 dias foi de 59.151 novos diagn\u00f3sticos por dia. Isso representa uma varia\u00e7\u00e3o de -1% em rela\u00e7\u00e3o aos casos registrados em duas semanas, o que indica tend\u00eancia de estabilidade tamb\u00e9m nos diagn\u00f3sticos.<\/p>\n<p>&nbsp;<\/p>\n<p><strong>Fonte: G1<\/strong><\/p>\n<p>&nbsp;<\/p>\n","protected":false},"excerpt":{"rendered":"<p>O Brasil registrou 2.344 mortes por Covid-19 nas \u00faltimas 24 horas, totalizando nesta quinta-feira (10) 482.135 \u00f3bitos desde o in\u00edcio da pandemia. Com isso, a m\u00e9dia m\u00f3vel de mortes nos \u00faltimos 7 dias chegou a 1.764. Em compara\u00e7\u00e3o \u00e0 m\u00e9dia de 14 dias atr\u00e1s, a varia\u00e7\u00e3o foi de -2% e indica tend\u00eancia de estabilidade nos &hellip;<\/p>\n","protected":false},"author":1,"featured_media":16495,"comment_status":"closed","ping_status":"closed","sticky":false,"template":"","format":"standard","meta":{"_jetpack_newsletter_access":"","_jetpack_dont_email_post_to_subs":false,"_jetpack_newsletter_tier_id":0,"_jetpack_memberships_contains_paywalled_content":false,"_jetpack_memberships_contains_paid_content":false,"footnotes":""},"categories":[1],"tags":[],"class_list":["post-16494","post","type-post","status-publish","format-standard","has-post-thumbnail","hentry","category-destaque"],"jetpack_sharing_enabled":true,"jetpack_featured_media_url":"","_links":{"self":[{"href":"https:\/\/www.oparanews.com.br\/index.php\/wp-json\/wp\/v2\/posts\/16494","targetHints":{"allow":["GET"]}}],"collection":[{"href":"https:\/\/www.oparanews.com.br\/index.php\/wp-json\/wp\/v2\/posts"}],"about":[{"href":"https:\/\/www.oparanews.com.br\/index.php\/wp-json\/wp\/v2\/types\/post"}],"author":[{"embeddable":true,"href":"https:\/\/www.oparanews.com.br\/index.php\/wp-json\/wp\/v2\/users\/1"}],"replies":[{"embeddable":true,"href":"https:\/\/www.oparanews.com.br\/index.php\/wp-json\/wp\/v2\/comments?post=16494"}],"version-history":[{"count":0,"href":"https:\/\/www.oparanews.com.br\/index.php\/wp-json\/wp\/v2\/posts\/16494\/revisions"}],"wp:attachment":[{"href":"https:\/\/www.oparanews.com.br\/index.php\/wp-json\/wp\/v2\/media?parent=16494"}],"wp:term":[{"taxonomy":"category","embeddable":true,"href":"https:\/\/www.oparanews.com.br\/index.php\/wp-json\/wp\/v2\/categories?post=16494"},{"taxonomy":"post_tag","embeddable":true,"href":"https:\/\/www.oparanews.com.br\/index.php\/wp-json\/wp\/v2\/tags?post=16494"}],"curies":[{"name":"wp","href":"https:\/\/api.w.org\/{rel}","templated":true}]}}