{"id":16500,"date":"2021-06-11T00:31:47","date_gmt":"2021-06-11T00:31:47","guid":{"rendered":"https:\/\/oparanews.com.br\/?p=16500"},"modified":"2021-06-11T00:31:47","modified_gmt":"2021-06-11T00:31:47","slug":"stf-forma-maioria-para-rejeitar-acao-contra-copa-america","status":"publish","type":"post","link":"https:\/\/www.oparanews.com.br\/index.php\/2021\/06\/11\/stf-forma-maioria-para-rejeitar-acao-contra-copa-america\/","title":{"rendered":"STF forma maioria para rejeitar a\u00e7\u00e3o contra Copa Am\u00e9rica"},"content":{"rendered":"<p>O Supremo Tribunal Federal (STF) formou maioria para rejeitar uma das a\u00e7\u00f5es que buscava impedir a realiza\u00e7\u00e3o da Copa Am\u00e9rica no Brasil por causa da pandemia de covid-19, em julgamento no plen\u00e1rio virtual da corte nesta quinta-feira, 10.<\/p>\n<p>Dessa forma, se n\u00e3o houver revers\u00e3o dos votos at\u00e9 o final do julgamento, o torneio de futebol continental ser\u00e1 liberado. A competi\u00e7\u00e3o est\u00e1 prevista para come\u00e7ar no pr\u00f3ximo domingo em Bras\u00edlia.<\/p>\n<p>&nbsp;<\/p>\n<p><strong>por Ricardo Brito \/Terra<\/strong><\/p>\n<p>&nbsp;<\/p>\n","protected":false},"excerpt":{"rendered":"<p>O Supremo Tribunal Federal (STF) formou maioria para rejeitar uma das a\u00e7\u00f5es que buscava impedir a realiza\u00e7\u00e3o da Copa Am\u00e9rica no Brasil por causa da pandemia de covid-19, em julgamento no plen\u00e1rio virtual da corte nesta quinta-feira, 10. Dessa forma, se n\u00e3o houver revers\u00e3o dos votos at\u00e9 o final do julgamento, o torneio de futebol &hellip;<\/p>\n","protected":false},"author":1,"featured_media":16501,"comment_status":"closed","ping_status":"closed","sticky":false,"template":"","format":"standard","meta":{"_jetpack_newsletter_access":"","_jetpack_dont_email_post_to_subs":false,"_jetpack_newsletter_tier_id":0,"_jetpack_memberships_contains_paywalled_content":false,"_jetpack_memberships_contains_paid_content":false,"footnotes":""},"categories":[1],"tags":[],"class_list":["post-16500","post","type-post","status-publish","format-standard","has-post-thumbnail","hentry","category-destaque"],"jetpack_sharing_enabled":true,"jetpack_featured_media_url":"","_links":{"self":[{"href":"https:\/\/www.oparanews.com.br\/index.php\/wp-json\/wp\/v2\/posts\/16500","targetHints":{"allow":["GET"]}}],"collection":[{"href":"https:\/\/www.oparanews.com.br\/index.php\/wp-json\/wp\/v2\/posts"}],"about":[{"href":"https:\/\/www.oparanews.com.br\/index.php\/wp-json\/wp\/v2\/types\/post"}],"author":[{"embeddable":true,"href":"https:\/\/www.oparanews.com.br\/index.php\/wp-json\/wp\/v2\/users\/1"}],"replies":[{"embeddable":true,"href":"https:\/\/www.oparanews.com.br\/index.php\/wp-json\/wp\/v2\/comments?post=16500"}],"version-history":[{"count":0,"href":"https:\/\/www.oparanews.com.br\/index.php\/wp-json\/wp\/v2\/posts\/16500\/revisions"}],"wp:attachment":[{"href":"https:\/\/www.oparanews.com.br\/index.php\/wp-json\/wp\/v2\/media?parent=16500"}],"wp:term":[{"taxonomy":"category","embeddable":true,"href":"https:\/\/www.oparanews.com.br\/index.php\/wp-json\/wp\/v2\/categories?post=16500"},{"taxonomy":"post_tag","embeddable":true,"href":"https:\/\/www.oparanews.com.br\/index.php\/wp-json\/wp\/v2\/tags?post=16500"}],"curies":[{"name":"wp","href":"https:\/\/api.w.org\/{rel}","templated":true}]}}