{"id":16503,"date":"2021-06-11T00:37:02","date_gmt":"2021-06-11T00:37:02","guid":{"rendered":"https:\/\/oparanews.com.br\/?p=16503"},"modified":"2021-06-11T00:37:02","modified_gmt":"2021-06-11T00:37:02","slug":"preocupacao-com-moradores-de-zona-urbana-e-rural-levam-vereador-rodrigo-regueira-a-apresentar-requerimentos","status":"publish","type":"post","link":"https:\/\/www.oparanews.com.br\/index.php\/2021\/06\/11\/preocupacao-com-moradores-de-zona-urbana-e-rural-levam-vereador-rodrigo-regueira-a-apresentar-requerimentos\/","title":{"rendered":"Preocupa\u00e7\u00e3o com moradores de zona urbana e rural levam Vereador Rodrigo Regueira a apresentar requerimentos"},"content":{"rendered":"<p>Ainda de forma remota foi realizada mais uma sess\u00e3o ordin\u00e1ria do Legislativo Municipal de Penedo nesta quinta-feira (10). O jovem parlamentar Rodrigo Regueira, como de costume, apresentou v\u00e1rios requerimentos e dentre eles a solicita\u00e7\u00e3o enviada ao Superintendente da SMTT para que seja instalado um redutor de velocidade na via principal do Conjunto Rosete Andrade, mais precisamente onde fica situada a academia de gin\u00e1stica.<\/p>\n<p>O requerimento se faz importante por conta da velocidade e da forma agressiva com a qual condutores de ve\u00edculos insistem em trafegar nos respectivos logradouros colocando em risco a vida dos pedestres. Outro requerimento apresentado pelo edil foi direcionado ao prefeito Ronaldo Lopes solicitando a constru\u00e7\u00e3o de uma pra\u00e7a no largo central do loteamento Santo Ant\u00f4nio (Litoral); com a constru\u00e7\u00e3o do respectivo espa\u00e7o os moradores ter\u00e3o um local de descontra\u00e7\u00e3o e uma \u00e1rea arborizada embelezando o conjunto habitacional.<\/p>\n<p>Finalizando, o vereador ainda fez outro requerimento, desta feita verbal, encaminhado ao Secret\u00e1rio de Servi\u00e7os P\u00fablicos, Ivo Costa, que vem atendendo prontamente aos pedidos independente de serem feitos por vereador de situa\u00e7\u00e3o ou oposi\u00e7\u00e3o para que seja dada uma aten\u00e7\u00e3o redobrada \u00e0s estradas dos povoados da cidade por conta das recentes chuvas.<\/p>\n<p>S\u00e3o eles: Palmeira Alta, Imbira I e II, Espig\u00e3o, Castanho Grande, Santa Margarida e Conrado. Faz-se necess\u00e1rio a regulariza\u00e7\u00e3o dessas estradas, pois a situa\u00e7\u00e3o tende a se agravar mais ainda com a intensifica\u00e7\u00e3o das chuvas.<\/p>\n<p>&nbsp;<\/p>\n<p><strong>Fonte: Assessoria<\/strong><\/p>\n<p>&nbsp;<\/p>\n","protected":false},"excerpt":{"rendered":"<p>Ainda de forma remota foi realizada mais uma sess\u00e3o ordin\u00e1ria do Legislativo Municipal de Penedo nesta quinta-feira (10). O jovem parlamentar Rodrigo Regueira, como de costume, apresentou v\u00e1rios requerimentos e dentre eles a solicita\u00e7\u00e3o enviada ao Superintendente da SMTT para que seja instalado um redutor de velocidade na via principal do Conjunto Rosete Andrade, mais &hellip;<\/p>\n","protected":false},"author":1,"featured_media":16504,"comment_status":"closed","ping_status":"closed","sticky":false,"template":"","format":"standard","meta":{"_jetpack_newsletter_access":"","_jetpack_dont_email_post_to_subs":false,"_jetpack_newsletter_tier_id":0,"_jetpack_memberships_contains_paywalled_content":false,"_jetpack_memberships_contains_paid_content":false,"footnotes":""},"categories":[1],"tags":[],"class_list":["post-16503","post","type-post","status-publish","format-standard","has-post-thumbnail","hentry","category-destaque"],"jetpack_sharing_enabled":true,"jetpack_featured_media_url":"","_links":{"self":[{"href":"https:\/\/www.oparanews.com.br\/index.php\/wp-json\/wp\/v2\/posts\/16503","targetHints":{"allow":["GET"]}}],"collection":[{"href":"https:\/\/www.oparanews.com.br\/index.php\/wp-json\/wp\/v2\/posts"}],"about":[{"href":"https:\/\/www.oparanews.com.br\/index.php\/wp-json\/wp\/v2\/types\/post"}],"author":[{"embeddable":true,"href":"https:\/\/www.oparanews.com.br\/index.php\/wp-json\/wp\/v2\/users\/1"}],"replies":[{"embeddable":true,"href":"https:\/\/www.oparanews.com.br\/index.php\/wp-json\/wp\/v2\/comments?post=16503"}],"version-history":[{"count":0,"href":"https:\/\/www.oparanews.com.br\/index.php\/wp-json\/wp\/v2\/posts\/16503\/revisions"}],"wp:attachment":[{"href":"https:\/\/www.oparanews.com.br\/index.php\/wp-json\/wp\/v2\/media?parent=16503"}],"wp:term":[{"taxonomy":"category","embeddable":true,"href":"https:\/\/www.oparanews.com.br\/index.php\/wp-json\/wp\/v2\/categories?post=16503"},{"taxonomy":"post_tag","embeddable":true,"href":"https:\/\/www.oparanews.com.br\/index.php\/wp-json\/wp\/v2\/tags?post=16503"}],"curies":[{"name":"wp","href":"https:\/\/api.w.org\/{rel}","templated":true}]}}