{"id":16509,"date":"2021-06-11T19:30:46","date_gmt":"2021-06-11T19:30:46","guid":{"rendered":"https:\/\/oparanews.com.br\/?p=16509"},"modified":"2021-06-11T19:30:46","modified_gmt":"2021-06-11T19:30:46","slug":"penedo-participa-da-3a-edicao-do-concurso-de-merendeiras-organizado-pelo-sebrae","status":"publish","type":"post","link":"https:\/\/www.oparanews.com.br\/index.php\/2021\/06\/11\/penedo-participa-da-3a-edicao-do-concurso-de-merendeiras-organizado-pelo-sebrae\/","title":{"rendered":"Penedo participa da 3\u00aa edi\u00e7\u00e3o do Concurso de Merendeiras organizado pelo Sebrae"},"content":{"rendered":"<p>Merendeiras que trabalham em escolas da rede p\u00fablica municipal de Penedo participam, mais uma vez, do concurso organizado pelo Sebrae Alagoas que valoriza o preparo de refei\u00e7\u00f5es saud\u00e1veis com itens adquiridos para compor a merenda escolar.<\/p>\n<p>Pelo terceiro ano consecutivo, a Secretaria Municipal de Educa\u00e7\u00e3o (Semed) recebe o convite para o Concurso das Merendeiras.<\/p>\n<p>Em 2020, a merendeira da Escola Municipal Hanna Bertholet, Ana Cristina da Silva, criou um delicioso e nutritivo Escondidinho de Charque, preparado com ab\u00f3bora e acompanhado por farofa de banana.<\/p>\n<p>A receita da servidora da Semed Penedo ficou entre as tr\u00eas melhores de Alagoas.<\/p>\n<p>A terceira edi\u00e7\u00e3o do concurso estadual tem capacita\u00e7\u00f5es on-line agendadas para os pr\u00f3ximos dias 21 e 22, atualizando informa\u00e7\u00f5es relacionadas ao card\u00e1pio e a aquisi\u00e7\u00e3o de itens da alimenta\u00e7\u00e3o escolar.<\/p>\n<p>Mais adiante, haver\u00e1 um curso presencial sobre t\u00e9cnicas b\u00e1sicas de culin\u00e1ria, este em data a ser divulgada.<\/p>\n<p>\u201cJ\u00e1 sabemos da capacidade das nossas merendeiras, tanto que fomos finalistas do concurso mais recente, quando recebemos muitos elogios da comiss\u00e3o julgadora durante a avalia\u00e7\u00e3o das tr\u00eas receitas analisadas em nossa etapa municipal. Por\u00e9m, toda capacita\u00e7\u00e3o \u00e9 importante e nossas merendeiras devem participar e, desde j\u00e1, agrade\u00e7o a dedica\u00e7\u00e3o dessas profissionais que se dedicam ao preparo da merenda dos nossos estudantes\u201d, destaca C\u00edntya Alves, Secret\u00e1ria Municipal de Educa\u00e7\u00e3o.<\/p>\n<p>&nbsp;<\/p>\n<p><strong>por Fernando Vin\u00edcius \u2013 Decom PMP<\/strong><\/p>\n<p>&nbsp;<\/p>\n","protected":false},"excerpt":{"rendered":"<p>Merendeiras que trabalham em escolas da rede p\u00fablica municipal de Penedo participam, mais uma vez, do concurso organizado pelo Sebrae Alagoas que valoriza o preparo de refei\u00e7\u00f5es saud\u00e1veis com itens adquiridos para compor a merenda escolar. Pelo terceiro ano consecutivo, a Secretaria Municipal de Educa\u00e7\u00e3o (Semed) recebe o convite para o Concurso das Merendeiras. Em &hellip;<\/p>\n","protected":false},"author":1,"featured_media":16510,"comment_status":"closed","ping_status":"closed","sticky":false,"template":"","format":"standard","meta":{"_jetpack_newsletter_access":"","_jetpack_dont_email_post_to_subs":false,"_jetpack_newsletter_tier_id":0,"_jetpack_memberships_contains_paywalled_content":false,"_jetpack_memberships_contains_paid_content":false,"footnotes":""},"categories":[1],"tags":[],"class_list":["post-16509","post","type-post","status-publish","format-standard","has-post-thumbnail","hentry","category-destaque"],"jetpack_sharing_enabled":true,"jetpack_featured_media_url":"","_links":{"self":[{"href":"https:\/\/www.oparanews.com.br\/index.php\/wp-json\/wp\/v2\/posts\/16509","targetHints":{"allow":["GET"]}}],"collection":[{"href":"https:\/\/www.oparanews.com.br\/index.php\/wp-json\/wp\/v2\/posts"}],"about":[{"href":"https:\/\/www.oparanews.com.br\/index.php\/wp-json\/wp\/v2\/types\/post"}],"author":[{"embeddable":true,"href":"https:\/\/www.oparanews.com.br\/index.php\/wp-json\/wp\/v2\/users\/1"}],"replies":[{"embeddable":true,"href":"https:\/\/www.oparanews.com.br\/index.php\/wp-json\/wp\/v2\/comments?post=16509"}],"version-history":[{"count":0,"href":"https:\/\/www.oparanews.com.br\/index.php\/wp-json\/wp\/v2\/posts\/16509\/revisions"}],"wp:attachment":[{"href":"https:\/\/www.oparanews.com.br\/index.php\/wp-json\/wp\/v2\/media?parent=16509"}],"wp:term":[{"taxonomy":"category","embeddable":true,"href":"https:\/\/www.oparanews.com.br\/index.php\/wp-json\/wp\/v2\/categories?post=16509"},{"taxonomy":"post_tag","embeddable":true,"href":"https:\/\/www.oparanews.com.br\/index.php\/wp-json\/wp\/v2\/tags?post=16509"}],"curies":[{"name":"wp","href":"https:\/\/api.w.org\/{rel}","templated":true}]}}