{"id":16512,"date":"2021-06-11T19:34:40","date_gmt":"2021-06-11T19:34:40","guid":{"rendered":"https:\/\/oparanews.com.br\/?p=16512"},"modified":"2021-06-11T19:34:40","modified_gmt":"2021-06-11T19:34:40","slug":"prefeitura-de-penedo-entrega-epis-para-pessoal-que-faz-a-coleta-do-lixo","status":"publish","type":"post","link":"https:\/\/www.oparanews.com.br\/index.php\/2021\/06\/11\/prefeitura-de-penedo-entrega-epis-para-pessoal-que-faz-a-coleta-do-lixo\/","title":{"rendered":"Prefeitura de Penedo entrega EPIs para pessoal que faz a coleta do lixo"},"content":{"rendered":"<p>Trabalhadores que fazem a coleta de lixo em Penedo receberam nesta sexta-feira, 11, novos Equipamentos de Prote\u00e7\u00e3o Individual (EPIs) para realizar o servi\u00e7o essencial.<\/p>\n<p>Devidamente fardados e protegidos com luvas, botas, mei\u00f5es e bon\u00e9 adequados ao trabalho, os garis da Secretaria Municipal de Servi\u00e7os P\u00fablicos (SEMSP) tiveram a oportunidade de conversar diretamente com o Prefeito Ronaldo Lopes.<\/p>\n<p>Ao lado do Secret\u00e1rio Ivo Costa, o gestor penedense falou sobre mais um avan\u00e7o proporcionado ao servidor p\u00fablico durante a gest\u00e3o Crescendo Com Seu `Povo.<\/p>\n<p>\u201cA partir de agora, todo o nosso pessoal que trabalha nas ruas de Penedo est\u00e1 devidamente protegido, como deve ser\u201d, ressalta Ronaldo Lopes.<\/p>\n<p>Atuando h\u00e1 oito anos como gari em Penedo, Ronaldo Albuquerque agradeceu a aten\u00e7\u00e3o do prefeito e do Secret\u00e1rio Ivo Costa \u2013 ambos engenheiros civis por forma\u00e7\u00e3o \u2013 e comentou a import\u00e2ncia da utiliza\u00e7\u00e3o dos EPIs no dia a dia da rotina dos garis.<\/p>\n<p>\u201cTem gente que coloca material cortante no lixo e muito gari j\u00e1 sofreu acidente por causa disso. A gente pede para que a popula\u00e7\u00e3o identifique se tem vidro ou algum tipo de material que pode causar corte, mas nem todo mundo tem esse cuidado, ent\u00e3o o EPI correto \u00e9 muito importante para nos proteger\u201d, destacou o trabalhador.<\/p>\n<p>Al\u00e9m dos garis da SEMSP que haviam recebido EPI h\u00e1 tr\u00eas anos, em breve outras categorias tamb\u00e9m estar\u00e3o com equipamentos de prote\u00e7\u00e3o novos e apropriados ao trabalho que cada uma desenvolve.<\/p>\n<p>&nbsp;<\/p>\n<p><strong>por Fernando Vin\u00edcius \u2013 Decom PMP<\/strong><\/p>\n<p>&nbsp;<\/p>\n","protected":false},"excerpt":{"rendered":"<p>Trabalhadores que fazem a coleta de lixo em Penedo receberam nesta sexta-feira, 11, novos Equipamentos de Prote\u00e7\u00e3o Individual (EPIs) para realizar o servi\u00e7o essencial. Devidamente fardados e protegidos com luvas, botas, mei\u00f5es e bon\u00e9 adequados ao trabalho, os garis da Secretaria Municipal de Servi\u00e7os P\u00fablicos (SEMSP) tiveram a oportunidade de conversar diretamente com o Prefeito &hellip;<\/p>\n","protected":false},"author":1,"featured_media":16513,"comment_status":"closed","ping_status":"closed","sticky":false,"template":"","format":"standard","meta":{"_jetpack_newsletter_access":"","_jetpack_dont_email_post_to_subs":false,"_jetpack_newsletter_tier_id":0,"_jetpack_memberships_contains_paywalled_content":false,"_jetpack_memberships_contains_paid_content":false,"footnotes":""},"categories":[1],"tags":[],"class_list":["post-16512","post","type-post","status-publish","format-standard","has-post-thumbnail","hentry","category-destaque"],"jetpack_sharing_enabled":true,"jetpack_featured_media_url":"","_links":{"self":[{"href":"https:\/\/www.oparanews.com.br\/index.php\/wp-json\/wp\/v2\/posts\/16512","targetHints":{"allow":["GET"]}}],"collection":[{"href":"https:\/\/www.oparanews.com.br\/index.php\/wp-json\/wp\/v2\/posts"}],"about":[{"href":"https:\/\/www.oparanews.com.br\/index.php\/wp-json\/wp\/v2\/types\/post"}],"author":[{"embeddable":true,"href":"https:\/\/www.oparanews.com.br\/index.php\/wp-json\/wp\/v2\/users\/1"}],"replies":[{"embeddable":true,"href":"https:\/\/www.oparanews.com.br\/index.php\/wp-json\/wp\/v2\/comments?post=16512"}],"version-history":[{"count":0,"href":"https:\/\/www.oparanews.com.br\/index.php\/wp-json\/wp\/v2\/posts\/16512\/revisions"}],"wp:attachment":[{"href":"https:\/\/www.oparanews.com.br\/index.php\/wp-json\/wp\/v2\/media?parent=16512"}],"wp:term":[{"taxonomy":"category","embeddable":true,"href":"https:\/\/www.oparanews.com.br\/index.php\/wp-json\/wp\/v2\/categories?post=16512"},{"taxonomy":"post_tag","embeddable":true,"href":"https:\/\/www.oparanews.com.br\/index.php\/wp-json\/wp\/v2\/tags?post=16512"}],"curies":[{"name":"wp","href":"https:\/\/api.w.org\/{rel}","templated":true}]}}