{"id":16515,"date":"2021-06-12T00:11:48","date_gmt":"2021-06-12T00:11:48","guid":{"rendered":"https:\/\/oparanews.com.br\/?p=16515"},"modified":"2021-06-12T00:11:48","modified_gmt":"2021-06-12T00:11:48","slug":"crescem-os-registros-de-infeccao-por-variantes-do-coronavirus-em-al","status":"publish","type":"post","link":"https:\/\/www.oparanews.com.br\/index.php\/2021\/06\/12\/crescem-os-registros-de-infeccao-por-variantes-do-coronavirus-em-al\/","title":{"rendered":"Crescem os registros de infec\u00e7\u00e3o por variantes do coronav\u00edrus em AL"},"content":{"rendered":"<p>O n\u00famero de variantes do coronav\u00edrus detectadas em amostras de pacientes de Alagoas infectados subiu para 96. Os dados foram divulgados nesta sexta-feira (11) pelo Minist\u00e9rio da Sa\u00fade. H\u00e1 pouco mais de um m\u00eas, eram apenas 46 casos de variantes.<\/p>\n<p>A variante P.1 (Gamma) foi identificada em 95 casos. J\u00e1 a variante B.1.1.7 (Alpha), em apenas um.<\/p>\n<p>Tr\u00eas casos s\u00e3o importados, provenientes de locais com circula\u00e7\u00e3o de variantes ou de casos que tiveram v\u00ednculo com algu\u00e9m que esteve nessa \u00e1rea de circula\u00e7\u00e3o; 61 s\u00e3o casos sem v\u00ednculo com \u00e1rea de circula\u00e7\u00e3o e 32 est\u00e3o em investiga\u00e7\u00e3o.<\/p>\n<p>Em 27 de mar\u00e7o, o estado tinha 23 casos confirmados de variantes. A Gamma j\u00e1 prevalecia nessa \u00e9poca. Os primeiros casos foram detectados em fevereiro.<\/p>\n<p>O aumento do n\u00famero de pacientes infectados pelas variantes do v\u00edrus coincide com a piora nos indicadores da pandemia no estado. A alta nas interna\u00e7\u00f5es e nas mortes por Covid levou o governo a prorrogar o decreto de emerg\u00eancia, mantendo o estado na fase vermelha do Plano de Distanciamento Social Controlado.<\/p>\n<p>&nbsp;<\/p>\n<p><strong>Fonte: G1\/AL<\/strong><\/p>\n<p>&nbsp;<\/p>\n","protected":false},"excerpt":{"rendered":"<p>O n\u00famero de variantes do coronav\u00edrus detectadas em amostras de pacientes de Alagoas infectados subiu para 96. Os dados foram divulgados nesta sexta-feira (11) pelo Minist\u00e9rio da Sa\u00fade. H\u00e1 pouco mais de um m\u00eas, eram apenas 46 casos de variantes. A variante P.1 (Gamma) foi identificada em 95 casos. J\u00e1 a variante B.1.1.7 (Alpha), em &hellip;<\/p>\n","protected":false},"author":1,"featured_media":16516,"comment_status":"closed","ping_status":"closed","sticky":false,"template":"","format":"standard","meta":{"_jetpack_newsletter_access":"","_jetpack_dont_email_post_to_subs":false,"_jetpack_newsletter_tier_id":0,"_jetpack_memberships_contains_paywalled_content":false,"_jetpack_memberships_contains_paid_content":false,"footnotes":""},"categories":[1],"tags":[],"class_list":["post-16515","post","type-post","status-publish","format-standard","has-post-thumbnail","hentry","category-destaque"],"jetpack_sharing_enabled":true,"jetpack_featured_media_url":"","_links":{"self":[{"href":"https:\/\/www.oparanews.com.br\/index.php\/wp-json\/wp\/v2\/posts\/16515","targetHints":{"allow":["GET"]}}],"collection":[{"href":"https:\/\/www.oparanews.com.br\/index.php\/wp-json\/wp\/v2\/posts"}],"about":[{"href":"https:\/\/www.oparanews.com.br\/index.php\/wp-json\/wp\/v2\/types\/post"}],"author":[{"embeddable":true,"href":"https:\/\/www.oparanews.com.br\/index.php\/wp-json\/wp\/v2\/users\/1"}],"replies":[{"embeddable":true,"href":"https:\/\/www.oparanews.com.br\/index.php\/wp-json\/wp\/v2\/comments?post=16515"}],"version-history":[{"count":0,"href":"https:\/\/www.oparanews.com.br\/index.php\/wp-json\/wp\/v2\/posts\/16515\/revisions"}],"wp:attachment":[{"href":"https:\/\/www.oparanews.com.br\/index.php\/wp-json\/wp\/v2\/media?parent=16515"}],"wp:term":[{"taxonomy":"category","embeddable":true,"href":"https:\/\/www.oparanews.com.br\/index.php\/wp-json\/wp\/v2\/categories?post=16515"},{"taxonomy":"post_tag","embeddable":true,"href":"https:\/\/www.oparanews.com.br\/index.php\/wp-json\/wp\/v2\/tags?post=16515"}],"curies":[{"name":"wp","href":"https:\/\/api.w.org\/{rel}","templated":true}]}}