{"id":16518,"date":"2021-06-12T00:15:11","date_gmt":"2021-06-12T00:15:11","guid":{"rendered":"https:\/\/oparanews.com.br\/?p=16518"},"modified":"2021-06-12T00:15:11","modified_gmt":"2021-06-12T00:15:11","slug":"investigacao-esta-chegando-perto-de-bolsonaro-diz-aziz","status":"publish","type":"post","link":"https:\/\/www.oparanews.com.br\/index.php\/2021\/06\/12\/investigacao-esta-chegando-perto-de-bolsonaro-diz-aziz\/","title":{"rendered":"Investiga\u00e7\u00e3o est\u00e1 chegando perto de Bolsonaro, diz Aziz"},"content":{"rendered":"<p>O senador Omar Aziz (PSD-AM) assistiu bem de perto o caos sanit\u00e1rio se instalar no Pa\u00eds e, sobretudo, no Amazonas, estado que governou de 2010 a 2014. Ele acompanhou o drama dos manauaras e viu muita gente morrer asfixiada por falta de oxig\u00eanio. Hoje, aos 62 anos, Aziz \u00e9 presidente da Comiss\u00e3o Parlamentar de Inqu\u00e9rito (CPI) que investiga as a\u00e7\u00f5es e omiss\u00f5es do governo Bolsonaro durante um per\u00edodo em que j\u00e1 morreram quase 500 mil pessoas no Brasil. \u00c9 nessa fun\u00e7\u00e3o tamb\u00e9m que o parlamentar tem a chance de jogar luz sobre o que, de fato, motivou a falta de oxig\u00eanio no seu estado. Nas investiga\u00e7\u00f5es feitas at\u00e9 agora pela CPI, Aziz diz que j\u00e1 est\u00e1 provada a exist\u00eancia de um gabinete paralelo que orientou equivocadamente o presidente na pandemia. Para ele, o foco principal da comiss\u00e3o, neste momento, \u00e9 destrinchar tudo a respeito desse grupo composto, segundo ele, por militantes bolsonaristas. Em entrevista \u00e0 ISTO\u00c9, afirmou que h\u00e1 ind\u00edcios de que o governo Bolsonaro cometeu crimes sanit\u00e1rios e contra a vida. Segundo ele, a a\u00e7\u00e3o para comprar vacinas, at\u00e9 agora, foi in\u00f3cua. \u201cEssas quase 500 mil pessoas que morreram n\u00e3o v\u00e3o ressuscitar\u201d, lamentou o senador.<\/p>\n<p><strong>Em uma live recente, Bolsonaro tentou desqualificar a CPI, afirmando que ela tenta derrub\u00e1-lo da Presid\u00eancia. Foi uma provoca\u00e7\u00e3o?<\/strong><br \/>\nO presidente foi muito al\u00e9m do razo\u00e1vel. Me agrediu, agrediu minha fam\u00edlia e agrediu outros membros da CPI. A comiss\u00e3o incomoda muito Bolsonaro. Quando ele perde tempo agredindo um senador \u00e9 porque alguma coisa o est\u00e1 incomodando profundamente. Ele agride tamb\u00e9m todos aqueles que contrariam seu pensamento. Fez isso com (Sergio) Moro, com o general Santos Cruz e com (Gustavo) Bebianno. E vai agindo assim sucessivamente. \u00c9 a forma que ele encontrou para reagir. Isso \u00e9 ruim. Uma jornalista erra alguma coisa e ele a chama de \u201cquadr\u00fapede\u201d. \u00c9 a forma que ele tem de se defender. Foge do assunto principal para diminuir quem o est\u00e1 criticando e quem o est\u00e1 investigando. O presidente tenta desqualificar as pessoas. S\u00f3 que hoje a CPI caiu no gosto popular e ele est\u00e1 desesperado por causa disso. Antigamente, conseguia destruir um advers\u00e1rio com tr\u00eas palavras, usava os rob\u00f4s e a milit\u00e2ncia para destruir seus inimigos. Agora, ele n\u00e3o consegue mais fazer isso.<\/p>\n<p><strong>Por que o senhor acha que isso acontece?<\/strong><br \/>\nPorque durante sete ou oito horas de dura\u00e7\u00e3o da CPI por dia, v\u00e1rias emissoras de televis\u00e3o, de r\u00e1dio, blogs e sites transmitem a sess\u00e3o e Bolsonaro n\u00e3o consegue ter controle sobre isso. E, cada vez mais, a investiga\u00e7\u00e3o se aprofunda e chega mais perto dele. A CPI n\u00e3o foi criada para pedir o impeachment do presidente. Foi feita para investigar suas omiss\u00f5es. E n\u00f3s sabemos muito bem o que est\u00e1 em jogo e n\u00e3o d\u00e1 para a gente se iludir. A C\u00e2mara n\u00e3o vai abrir o processo de impeachment de Bolsonaro. N\u00e3o sei se a PGR vai tomar provid\u00eancias.<\/p>\n<p><strong>Se a CPI n\u00e3o vai propor o impeachment, qual \u00e9 a sa\u00edda?<\/strong><br \/>\nNosso papel \u00e9 esclarecer a popula\u00e7\u00e3o sobre as omiss\u00f5es e neglig\u00eancias do governo. A sociedade n\u00e3o sabia, por exemplo, que o Brasil n\u00e3o quis comprar vacina. N\u00e3o sabia que o programa de Sa\u00fade n\u00e3o era feito pelo Minist\u00e9rio da Sa\u00fade, e sim, por esse gabinete paralelo. L\u00e1, defendiam o tratamento precoce (com ivermectina, cloroquina e outros medicamentos) e tamb\u00e9m a imunidade de rebanho. O Osmar Terra defendia isso. Eles s\u00e3o t\u00e3o maus com a popula\u00e7\u00e3o brasileira que diziam: quem pegar a doen\u00e7a n\u00e3o precisar\u00e1 nem tomar a vacina, porque essa pessoa j\u00e1 estar\u00e1 imunizada. Essa era a imuniza\u00e7\u00e3o de rebanho defendida pelo governo. Tanto \u00e9 que Bolsonaro deixou de nomear a doutora Luana Ara\u00fajo exatamente por isso. O ministro Marcelo Queiroga n\u00e3o consegue nomear nem mesmo uma especialista em infectologia. E tamb\u00e9m n\u00e3o consegue tirar do minist\u00e9rio a doutora Maira Pinheiro, que fala uma linguagem totalmente diferente da dele. Pazuello era isso para Bolsonaro. N\u00e3o mandava em nada. Era o presidente quem dava as ordens. Bolsonaro era o ministro da Sa\u00fade de fato.<\/p>\n<p><strong>O que achou do v\u00eddeo em que o presidente aparece ao lado de Osmar Terra em uma reuni\u00e3o com m\u00e9dicos sugerindo a montagem de um \u201cgabinete das sombras\u201d?<\/strong><br \/>\nNesse v\u00eddeo, o ministro da Sa\u00fade est\u00e1 presente? N\u00e3o est\u00e1. Isso \u00e9 importante. Est\u00e1 provada a exist\u00eancia do gabinete paralelo. O que Bolsonaro, juntamente com Osmar Terra, est\u00e1 discutindo sobre vacina ou n\u00e3o, sobre rem\u00e9dio ou n\u00e3o, sem a presen\u00e7a do ministro e sem os t\u00e9cnicos do minist\u00e9rio? Isso prova muita coisa. A decis\u00e3o de n\u00e3o ter vacina saiu dali? A decis\u00e3o de n\u00e3o fazer a imuniza\u00e7\u00e3o saiu dali ou saiu do Minist\u00e9rio da Sa\u00fade? Mandetta falou da exist\u00eancia desse gabinete, Teich ficou quieto, Pazuello n\u00e3o soube informar. O general vai entrar para a hist\u00f3ria como o ministro que mais mortes carregou nas costas em todo o mundo. E o Queiroga tamb\u00e9m n\u00e3o consegue montar uma equipe. Tem que engolir a Maira Pinheiro (a capit\u00e3 cloroquina). O que a Maira est\u00e1 fazendo l\u00e1? Ela defende o tratamento precoce, contrariando o que o ministro pensa. Ela defendia a imuniza\u00e7\u00e3o de rebanho e isso tamb\u00e9m n\u00e3o deu certo. Ela fez o povo do Amazonas de cobaia com o TratCov, que, mais uma vez, ficou demonstrado que foi um erro. O que ela est\u00e1 fazendo ent\u00e3o l\u00e1 no minist\u00e9rio? Eles reclamaram do tempo escasso para adquirir vacinas, mas o que vimos \u00e9 que levaram meses para dar in\u00edcio ao processo de aquisi\u00e7\u00f5es dos imunizantes. Quantas vidas foram perdidas? N\u00e3o adianta s\u00f3 agora dizerem que v\u00e3o trazer um bilh\u00e3o de vacinas. Essas 500 mil pessoas que morreram n\u00e3o v\u00e3o ressuscitar.<\/p>\n<p><strong>Renan Calheiros afirmou que j\u00e1 existem provas da exist\u00eancia de um gabinete paralelo. Quais s\u00e3o elas?<\/strong><br \/>\nEu n\u00e3o posso falar sobre todas as provas que temos, porque seria fazer um pr\u00e9-julgamento. Tem muita coisa que ainda estamos investigando. Agora, vamos atr\u00e1s de consolidar, principalmente, as provas sobre a exist\u00eancia do gabinete paralelo que propagou e prescreveu pela internet, por meio de sites, os medicamentos que n\u00e3o eram indicados para o correto tratamento da popula\u00e7\u00e3o.<\/p>\n<p><strong>A CPI sabe quantas pessoas compunham esse grupo que dava conselhos equivocados ao presidente?<\/strong><br \/>\nTemos o Fabio Wajngarten, que estava cuidando de comprar vacina, quando o certo era essa tarefa ter sido executada pelo Minist\u00e9rio da Sa\u00fade. Ele disse que levou o telefone para Bolsonaro no dia em que houve uma reuni\u00e3o com Paulo Guedes para tratar do assunto com a Pfizer. Temos tamb\u00e9m o Arthur Weintraub. Mandaram ele fazer uma pesquisa sobre o uso da cloroquina. O outro \u00e9 Osmar Terra, que aparece em destaque naquele v\u00eddeo que comprova a exist\u00eancia do gabinete paralelo. E temos tamb\u00e9m todas as pessoas que estavam presentes \u00e0 reuni\u00e3o que analisou a proposta para se mudar a bula da cloroquina. Todos eles devem ser responsabilizados por esse gabinete das trevas.<\/p>\n<p><strong>A ci\u00eancia j\u00e1 provou que a cloroquina n\u00e3o tem efic\u00e1cia no tratamento da Covid. Mesmo assim, v\u00e1rios depoentes insistem em defend\u00ea-la. O que h\u00e1 por tr\u00e1s disso?<\/strong><br \/>\nAcho que a desinforma\u00e7\u00e3o tem sido um grande problema em rela\u00e7\u00e3o \u00e0 cloroquina. Pior ainda, e o que acho muito mais grave, \u00e9 com rela\u00e7\u00e3o \u00e0 imunidade de rebanho proposta pelos assessores informais do presidente. Porque a imuniza\u00e7\u00e3o de rebanho faz parte do princ\u00edpio de que os mais fortes v\u00e3o sobreviver e os mais fracos padecer\u00e3o e morrer\u00e3o.<\/p>\n<p><strong>O que achou do novo depoimento do ministro da Sa\u00fade, Marcelo Queiroga, na \u00faltima ter\u00e7a-feira?<\/strong><br \/>\nTem alguns pontos que realmente nos entristecem bastante. Ele repetiu aqui na CPI o que havia dito na C\u00e2mara, de que foi a Casa Civil que n\u00e3o quis nomear a doutora Luana Ara\u00fajo. Voltou a proteger a Casa Civil. Demonstra claramente que est\u00e1 fazendo qualquer coisa para se manter no cargo. E a quest\u00e3o da nota t\u00e9cnica da cloroquina que ele n\u00e3o quis tirar do site do Minist\u00e9rio da Sa\u00fade tamb\u00e9m \u00e9 grave. Ele disse que era para ficar para a hist\u00f3ria, mas ele n\u00e3o \u00e9 historiador. At\u00e9 porque funcionou como uma indu\u00e7\u00e3o para que as pessoas tomem um rem\u00e9dio que n\u00e3o tem comprova\u00e7\u00e3o cient\u00edfica contra a Covid.<\/p>\n<p><strong>Quais s\u00e3o as pr\u00f3ximas apostas da CPI para avan\u00e7ar nas investiga\u00e7\u00f5es? Est\u00e3o previstos depoimentos esclarecedores?<\/strong><br \/>\nTemos v\u00e1rios outros passos a dar. Muita gente tem que ser ouvida ainda. Temos que ouvir o Carlos Wizard. O que ele fazia nesse gabinete paralelo? Temos que ouvir o Arthur Weintraub e o Filipe Martins, aquele que fez o sinal racista na sess\u00e3o do Senado. Esses eram os integrantes do gabinete das trevas. A principal tarefa \u00e9 destrinchar a composi\u00e7\u00e3o desse grupo. Eles n\u00e3o s\u00e3o muitos, mas s\u00e3o militantes e fazem o uso de rob\u00f4s nas m\u00eddias sociais. Quando eles me atacaram na Internet, fui ver que os perfis deles tinham apenas tr\u00eas seguidores. Isso demonstra que eles usam rob\u00f4s para atacar, mas j\u00e1 n\u00e3o conseguem destruir as pessoas como antes. At\u00e9 recentemente eles conseguiam destruir a reputa\u00e7\u00e3o de algu\u00e9m em menos de dois dias. O presidente Bolsonaro conseguia fazer isso. O fez com v\u00e1rias pessoas. E agora n\u00e3o est\u00e1 conseguindo mais.<\/p>\n<p><strong>Qual \u00e9 o depoimento ou a prova mais reveladora que a CPI tem nas m\u00e3os at\u00e9 o momento?<\/strong><br \/>\nPara mim, s\u00e3o dois fatos. Foram os depoimentos dos representantes da Pfizer e do Butantan. Mas o que mais deu vida \u00e0 CPI foi a carta que o Fabio Wajngarten entregou \u00e0 comiss\u00e3o. Ela deu um grande f\u00f4lego \u00e0 CPI. Por isso, se eu tivesse mandado prend\u00ea-lo naquele dia (quando o publicit\u00e1rio prestou depoimento), a CPI teria acabado ali. Era isso, ali\u00e1s, o que Bolsonaro queria. N\u00f3s t\u00ednhamos a carta em m\u00e3os mostrando que o Brasil tinha recebido propostas para a compra de vacinas em agosto e o governo se lixou para elas. Isso foi o mais impotante.<\/p>\n<p><strong>A CPI prev\u00ea realizar alguma acarea\u00e7\u00e3o?<\/strong><br \/>\nN\u00e3o vejo a necessidade de se fazer qualquer acarea\u00e7\u00e3o hoje. O que eu vejo \u00e9 a import\u00e2ncia de saber, por exemplo, sobre a data exata em que o governo foi informado a respeito da falta de oxig\u00eanio no Amazonas. Porque temos tr\u00eas datas: dia 7, que o secret\u00e1rio de Sa\u00fade do Amazonas informou; dia 8, que foi o dia que a doutora Maira disse ter sido informada sobre a falta do insumo; e dia 10, que foi o que a data dada por Pazuello. Temos que descobrir a verdade. A falta de oxig\u00eanio matou milhares de pessoas por asfixia e isso n\u00e3o pode passar impune.<\/p>\n<p><strong>Qual \u00e9 o n\u00edvel de responsabilidade do presidente Bolsonaro para que o Brasil tenha chegado a este est\u00e1gio cruel na pandemia?<\/strong><br \/>\nN\u00e3o falo s\u00f3 do Bolsonaro. Falo do governo como um todo. Tem atentados contra a vida e crimes sanit\u00e1rios indiscut\u00edveis. E eles s\u00e3o muitos. Ao final da CPI, os culpados ser\u00e3o responsabilizados e punidos.<\/p>\n<p>&nbsp;<\/p>\n<p><strong>Fonte: Isto\u00e9<\/strong><\/p>\n<p>&nbsp;<\/p>\n","protected":false},"excerpt":{"rendered":"<p>O senador Omar Aziz (PSD-AM) assistiu bem de perto o caos sanit\u00e1rio se instalar no Pa\u00eds e, sobretudo, no Amazonas, estado que governou de 2010 a 2014. Ele acompanhou o drama dos manauaras e viu muita gente morrer asfixiada por falta de oxig\u00eanio. Hoje, aos 62 anos, Aziz \u00e9 presidente da Comiss\u00e3o Parlamentar de Inqu\u00e9rito &hellip;<\/p>\n","protected":false},"author":1,"featured_media":16519,"comment_status":"closed","ping_status":"closed","sticky":false,"template":"","format":"standard","meta":{"_jetpack_newsletter_access":"","_jetpack_dont_email_post_to_subs":false,"_jetpack_newsletter_tier_id":0,"_jetpack_memberships_contains_paywalled_content":false,"_jetpack_memberships_contains_paid_content":false,"footnotes":""},"categories":[1],"tags":[],"class_list":["post-16518","post","type-post","status-publish","format-standard","has-post-thumbnail","hentry","category-destaque"],"jetpack_sharing_enabled":true,"jetpack_featured_media_url":"","_links":{"self":[{"href":"https:\/\/www.oparanews.com.br\/index.php\/wp-json\/wp\/v2\/posts\/16518","targetHints":{"allow":["GET"]}}],"collection":[{"href":"https:\/\/www.oparanews.com.br\/index.php\/wp-json\/wp\/v2\/posts"}],"about":[{"href":"https:\/\/www.oparanews.com.br\/index.php\/wp-json\/wp\/v2\/types\/post"}],"author":[{"embeddable":true,"href":"https:\/\/www.oparanews.com.br\/index.php\/wp-json\/wp\/v2\/users\/1"}],"replies":[{"embeddable":true,"href":"https:\/\/www.oparanews.com.br\/index.php\/wp-json\/wp\/v2\/comments?post=16518"}],"version-history":[{"count":0,"href":"https:\/\/www.oparanews.com.br\/index.php\/wp-json\/wp\/v2\/posts\/16518\/revisions"}],"wp:attachment":[{"href":"https:\/\/www.oparanews.com.br\/index.php\/wp-json\/wp\/v2\/media?parent=16518"}],"wp:term":[{"taxonomy":"category","embeddable":true,"href":"https:\/\/www.oparanews.com.br\/index.php\/wp-json\/wp\/v2\/categories?post=16518"},{"taxonomy":"post_tag","embeddable":true,"href":"https:\/\/www.oparanews.com.br\/index.php\/wp-json\/wp\/v2\/tags?post=16518"}],"curies":[{"name":"wp","href":"https:\/\/api.w.org\/{rel}","templated":true}]}}