{"id":16521,"date":"2021-06-12T00:18:14","date_gmt":"2021-06-12T00:18:14","guid":{"rendered":"https:\/\/oparanews.com.br\/?p=16521"},"modified":"2021-06-12T00:18:14","modified_gmt":"2021-06-12T00:18:14","slug":"inter-opta-por-demitir-ramirez-apos-3-meses-no-cargo","status":"publish","type":"post","link":"https:\/\/www.oparanews.com.br\/index.php\/2021\/06\/12\/inter-opta-por-demitir-ramirez-apos-3-meses-no-cargo\/","title":{"rendered":"Inter opta por demitir Ram\u00edrez ap\u00f3s 3 meses no cargo"},"content":{"rendered":"<p>Ap\u00f3s trope\u00e7o contra o Fortaleza, no Campeonato Brasileiro, e elimina\u00e7\u00e3o para o Vit\u00f3ria na terceira fase da Copa do Brasil, dentro do Beira-Rio, o Internacional optou pela demiss\u00e3o do t\u00e9cnico Miguel Angel Ram\u00edrez. A decis\u00e3o foi tomada ap\u00f3s reuni\u00e3o entre membros da diretoria colorada.<\/p>\n<p>&#8220;Miguel \u00c1ngel Ram\u00edrez n\u00e3o \u00e9 mais t\u00e9cnico do Internacional. Tamb\u00e9m deixam o Clube o auxiliar t\u00e9cnico Mart\u00edn Anselmi, o preparador f\u00edsico Crist\u00f3bal Fuentes e o analista de desempenho Luis Piedrahita. O Inter agradece pelos servi\u00e7os prestados e deseja sucesso na sequ\u00eancia de suas carreiras. Osmar Loss passa a comandar a equipe interinamente&#8221;, afirma comunicado do clube ga\u00facho.<\/p>\n<p>Junto do espanhol, deixam o clube o auxiliar Mart\u00edn Anselmi, o preparador f\u00edsico Crist\u00f3bal Fuentes e o analista de desempenho Luis Piedrahita. Em isolamento ap\u00f3s testar positivo para covid-19, Ram\u00edrez n\u00e3o esteve \u00e0 beira do campo na derrota para a equipe baiana.<\/p>\n<p>Por ter ficado apenas tr\u00eas meses no cargo, o ex-comandante do Inter dever\u00e1 receber cerca de US$ 2 milh\u00f5es (R$ 10 milh\u00f5es) como parte da rescis\u00e3o contratual estabelecida com o clube. O clube colorado ainda tenta negociar o valor a ser pago ao espanhol.<\/p>\n<p>Anunciado na equipe ga\u00facha em mar\u00e7o deste ano, Miguel Angel Ram\u00edrez comandou a equipe em 21 partidas e obteve um total de 53,9% de aproveitamento, com 10 vit\u00f3rias, quatro empates e sete derrotas. Entre os resultados negativos, est\u00e3o a derrota para o Gr\u00eamio na final do Campeonato Ga\u00facho, a goleada por 5 a 1 para o Fortaleza e elimina\u00e7\u00e3o na Copa do Brasil para o Vit\u00f3ria.<\/p>\n<p>&nbsp;<\/p>\n<p><strong>Fonte: Terra<\/strong><\/p>\n<p>&nbsp;<\/p>\n","protected":false},"excerpt":{"rendered":"<p>Ap\u00f3s trope\u00e7o contra o Fortaleza, no Campeonato Brasileiro, e elimina\u00e7\u00e3o para o Vit\u00f3ria na terceira fase da Copa do Brasil, dentro do Beira-Rio, o Internacional optou pela demiss\u00e3o do t\u00e9cnico Miguel Angel Ram\u00edrez. A decis\u00e3o foi tomada ap\u00f3s reuni\u00e3o entre membros da diretoria colorada. &#8220;Miguel \u00c1ngel Ram\u00edrez n\u00e3o \u00e9 mais t\u00e9cnico do Internacional. Tamb\u00e9m deixam &hellip;<\/p>\n","protected":false},"author":1,"featured_media":16522,"comment_status":"closed","ping_status":"closed","sticky":false,"template":"","format":"standard","meta":{"_jetpack_newsletter_access":"","_jetpack_dont_email_post_to_subs":false,"_jetpack_newsletter_tier_id":0,"_jetpack_memberships_contains_paywalled_content":false,"_jetpack_memberships_contains_paid_content":false,"footnotes":""},"categories":[1],"tags":[],"class_list":["post-16521","post","type-post","status-publish","format-standard","has-post-thumbnail","hentry","category-destaque"],"jetpack_sharing_enabled":true,"jetpack_featured_media_url":"","_links":{"self":[{"href":"https:\/\/www.oparanews.com.br\/index.php\/wp-json\/wp\/v2\/posts\/16521","targetHints":{"allow":["GET"]}}],"collection":[{"href":"https:\/\/www.oparanews.com.br\/index.php\/wp-json\/wp\/v2\/posts"}],"about":[{"href":"https:\/\/www.oparanews.com.br\/index.php\/wp-json\/wp\/v2\/types\/post"}],"author":[{"embeddable":true,"href":"https:\/\/www.oparanews.com.br\/index.php\/wp-json\/wp\/v2\/users\/1"}],"replies":[{"embeddable":true,"href":"https:\/\/www.oparanews.com.br\/index.php\/wp-json\/wp\/v2\/comments?post=16521"}],"version-history":[{"count":0,"href":"https:\/\/www.oparanews.com.br\/index.php\/wp-json\/wp\/v2\/posts\/16521\/revisions"}],"wp:attachment":[{"href":"https:\/\/www.oparanews.com.br\/index.php\/wp-json\/wp\/v2\/media?parent=16521"}],"wp:term":[{"taxonomy":"category","embeddable":true,"href":"https:\/\/www.oparanews.com.br\/index.php\/wp-json\/wp\/v2\/categories?post=16521"},{"taxonomy":"post_tag","embeddable":true,"href":"https:\/\/www.oparanews.com.br\/index.php\/wp-json\/wp\/v2\/tags?post=16521"}],"curies":[{"name":"wp","href":"https:\/\/api.w.org\/{rel}","templated":true}]}}