{"id":16524,"date":"2021-06-12T00:21:46","date_gmt":"2021-06-12T00:21:46","guid":{"rendered":"https:\/\/oparanews.com.br\/?p=16524"},"modified":"2021-06-12T00:21:46","modified_gmt":"2021-06-12T00:21:46","slug":"bolsonaro-aparece-de-surpresa-em-voo-e-e-alvo-de-protestos","status":"publish","type":"post","link":"https:\/\/www.oparanews.com.br\/index.php\/2021\/06\/12\/bolsonaro-aparece-de-surpresa-em-voo-e-e-alvo-de-protestos\/","title":{"rendered":"Bolsonaro aparece de surpresa em voo e \u00e9 alvo de protestos"},"content":{"rendered":"<p>O presidente Jair Bolsonaro apareceu de surpresa em um voo da Azul Linhas A\u00e9reas na manh\u00e3 desta sexta-feira. Ele tirou fotos com tripulantes e passageiros e comparou o apoio recebido aos cr\u00edticos, que, segundo ele, deveriam estar andando em jegues. &#8220;Voc\u00eas est\u00e3o bem hoje, hein? Quem fala &#8216;Fora Bolsonaro&#8217; devia estar viajando de jegue, n\u00e3o de avi\u00e3o. \u00c9 o ou n\u00e3o \u00e9? Para ser solid\u00e1rio ao candidato deles&#8221;, afirmou o presidente, ap\u00f3s retirar a m\u00e1scara que utilizou no restante do tempo dentro da aeronave.<\/p>\n<p>No v\u00eddeo de 1 minuto que circula nas redes sociais n\u00e3o est\u00e1 claro se o voo estava em Bras\u00edlia ou em Vit\u00f3ria, para onde o presidente se deslocou em agenda no Esp\u00edrito Santo. Ao final, s\u00e3o ouvidos gritos de &#8220;Mito&#8221; por parte de alguns passageiros.<\/p>\n<p>A atitude do presidente, no entanto, foi compartilhada por apoiadores da sua base de apoio. &#8220;Vai l\u00e1, Doria, faz igual!&#8221;, escreveu a deputada Carla Zambelli (PSL-SP) ao compartilhar o v\u00eddeo, em uma ironia ao desafeto pol\u00edtico do presidente e governador de S\u00e3o Paulo.<\/p>\n<p>Na chegada \u00e0 capital capixaba, Bolsonaro, mais uma vez, causou aglomera\u00e7\u00f5es e circulou sem m\u00e1scara. O presidente cumprimentou apoiadores por cima de um cercado antes de seguir para cerim\u00f4nia de entrega de casas em S\u00e3o Mateus (ES), que ocorrer\u00e1 em instantes. Procurada por meio da assessoria, a Azul Linhas A\u00e9reas ainda n\u00e3o se manifestou.<\/p>\n<blockquote class=\"twitter-tweet\" data-width=\"500\" data-dnt=\"true\">\n<p lang=\"pt\" dir=\"ltr\">Bolsonaro tentou pegar um voo comercial. O povo deu o recado numa recep\u00e7\u00e3o \u00e0 altura: fora genocida! <a href=\"https:\/\/t.co\/mxtuGyt0g1\">pic.twitter.com\/mxtuGyt0g1<\/a><\/p>\n<p>&mdash; S\u00e2mia Bomfim (@samiabomfim) <a href=\"https:\/\/twitter.com\/samiabomfim\/status\/1403403670318891009?ref_src=twsrc%5Etfw\">June 11, 2021<\/a><\/p><\/blockquote>\n<p><script async src=\"https:\/\/platform.twitter.com\/widgets.js\" charset=\"utf-8\"><\/script><\/p>\n<p>&nbsp;<\/p>\n<p><strong>por Pedro Caramuru e Gustavo C\u00f4rtes\/Terra<\/strong><\/p>\n<p>&nbsp;<\/p>\n","protected":false},"excerpt":{"rendered":"<p>O presidente Jair Bolsonaro apareceu de surpresa em um voo da Azul Linhas A\u00e9reas na manh\u00e3 desta sexta-feira. Ele tirou fotos com tripulantes e passageiros e comparou o apoio recebido aos cr\u00edticos, que, segundo ele, deveriam estar andando em jegues. &#8220;Voc\u00eas est\u00e3o bem hoje, hein? Quem fala &#8216;Fora Bolsonaro&#8217; devia estar viajando de jegue, n\u00e3o &hellip;<\/p>\n","protected":false},"author":1,"featured_media":16525,"comment_status":"closed","ping_status":"closed","sticky":false,"template":"","format":"standard","meta":{"_jetpack_newsletter_access":"","_jetpack_dont_email_post_to_subs":false,"_jetpack_newsletter_tier_id":0,"_jetpack_memberships_contains_paywalled_content":false,"_jetpack_memberships_contains_paid_content":false,"footnotes":""},"categories":[1],"tags":[],"class_list":["post-16524","post","type-post","status-publish","format-standard","has-post-thumbnail","hentry","category-destaque"],"jetpack_sharing_enabled":true,"jetpack_featured_media_url":"","_links":{"self":[{"href":"https:\/\/www.oparanews.com.br\/index.php\/wp-json\/wp\/v2\/posts\/16524","targetHints":{"allow":["GET"]}}],"collection":[{"href":"https:\/\/www.oparanews.com.br\/index.php\/wp-json\/wp\/v2\/posts"}],"about":[{"href":"https:\/\/www.oparanews.com.br\/index.php\/wp-json\/wp\/v2\/types\/post"}],"author":[{"embeddable":true,"href":"https:\/\/www.oparanews.com.br\/index.php\/wp-json\/wp\/v2\/users\/1"}],"replies":[{"embeddable":true,"href":"https:\/\/www.oparanews.com.br\/index.php\/wp-json\/wp\/v2\/comments?post=16524"}],"version-history":[{"count":0,"href":"https:\/\/www.oparanews.com.br\/index.php\/wp-json\/wp\/v2\/posts\/16524\/revisions"}],"wp:attachment":[{"href":"https:\/\/www.oparanews.com.br\/index.php\/wp-json\/wp\/v2\/media?parent=16524"}],"wp:term":[{"taxonomy":"category","embeddable":true,"href":"https:\/\/www.oparanews.com.br\/index.php\/wp-json\/wp\/v2\/categories?post=16524"},{"taxonomy":"post_tag","embeddable":true,"href":"https:\/\/www.oparanews.com.br\/index.php\/wp-json\/wp\/v2\/tags?post=16524"}],"curies":[{"name":"wp","href":"https:\/\/api.w.org\/{rel}","templated":true}]}}