{"id":16527,"date":"2021-06-12T01:14:50","date_gmt":"2021-06-12T01:14:50","guid":{"rendered":"https:\/\/oparanews.com.br\/?p=16527"},"modified":"2021-06-12T01:14:50","modified_gmt":"2021-06-12T01:14:50","slug":"populacao-de-penedo-comeca-a-ser-imunizada-contra-covid-com-vacina-da-pfizer","status":"publish","type":"post","link":"https:\/\/www.oparanews.com.br\/index.php\/2021\/06\/12\/populacao-de-penedo-comeca-a-ser-imunizada-contra-covid-com-vacina-da-pfizer\/","title":{"rendered":"Popula\u00e7\u00e3o de Penedo come\u00e7a a ser imunizada contra Covid com vacina da Pfizer"},"content":{"rendered":"<p>A popula\u00e7\u00e3o de Penedo ganhou mais um refor\u00e7o no combate ao coronav\u00edrus. Na tarde desta sexta-feira, 11 de junho, a Secretaria Municipal de Sa\u00fade (SEMS) aplicou as primeiras doses da vacina Pfizer em pessoas com 47 anos ou mais.<\/p>\n<p>A imuniza\u00e7\u00e3o com o novo imunizante acontece no gin\u00e1sio da Escola Estadual Ernani M\u00e9ro, local com estrutura exclusiva para administra\u00e7\u00e3o da vacina produzida em conjunto entre as empresas Pfizer e BioNTech.<\/p>\n<p>A Prefeitura de Penedo agilizou a instala\u00e7\u00e3o do setor e preparou o pessoal, conforme as exig\u00eancias do Plano Nacional de Imuniza\u00e7\u00e3o (PNI).<\/p>\n<p><strong>Nova faixa et\u00e1ria<\/strong><\/p>\n<p>A vacina\u00e7\u00e3o contra a Covid-19 prossegue neste s\u00e1bado, 12, com a inclus\u00e3o de mais uma faixa et\u00e1ria em Penedo.<\/p>\n<p>Pessoas com 46 anos ou mais podem se dirigir at\u00e9 a central que funciona Escola Ernani M\u00e9ro, a partir das 7 horas, portando documento oficial com foto, cart\u00e3o SUS e comprovante de resid\u00eancia atualizado.<\/p>\n<p>A imuniza\u00e7\u00e3o \u00e9 feita at\u00e9 as 17 horas e tamb\u00e9m continua dispon\u00edvel para portadores de comorbidade com mais de 18 anos de idade, remanescentes quilombolas relacionados nas listas apresentadas por lideran\u00e7as das comunidades Oiteiro e Tabuleiro dos Negros e pessoas com defici\u00eancia permanente.<\/p>\n<p>A Secretaria de Sa\u00fade de Penedo j\u00e1 vacinou mais de 30% do p\u00fablico-alvo contra Covid com a primeira dose do imunizante. At\u00e9 o in\u00edcio destaa semana, 17.995 moradores do munic\u00edpio j\u00e1 haviam recebido a assist\u00eancia que chegou para mais 658 pessoas at\u00e9 hoje (sexta,11).<\/p>\n<p>Somando a primeira e a segunda dose de vacinas aplicadas na popula\u00e7\u00e3o de Penedo, a SEMS j\u00e1 administrou 22.140 doses at\u00e9 este \u00faltimo dia \u00fatil da segunda semana do m\u00eas de junho.<\/p>\n<p>No in\u00edcio da pr\u00f3xima semana, a Prefeitura de Penedo disponibilizar\u00e1 novamente transporte para moradores da zona rural terem acesso \u00e0 imuniza\u00e7\u00e3o contra o coronav\u00edrus, a\u00e7\u00e3o que aproxima o homem e a mulher do campo das a\u00e7\u00f5es do poder p\u00fablico.<\/p>\n<p>&nbsp;<\/p>\n<p><strong>por Fernando Vin\u00edcius\/Decom PMP<\/strong><\/p>\n<p>&nbsp;<\/p>\n","protected":false},"excerpt":{"rendered":"<p>A popula\u00e7\u00e3o de Penedo ganhou mais um refor\u00e7o no combate ao coronav\u00edrus. Na tarde desta sexta-feira, 11 de junho, a Secretaria Municipal de Sa\u00fade (SEMS) aplicou as primeiras doses da vacina Pfizer em pessoas com 47 anos ou mais. A imuniza\u00e7\u00e3o com o novo imunizante acontece no gin\u00e1sio da Escola Estadual Ernani M\u00e9ro, local com &hellip;<\/p>\n","protected":false},"author":1,"featured_media":16528,"comment_status":"closed","ping_status":"closed","sticky":false,"template":"","format":"standard","meta":{"_jetpack_newsletter_access":"","_jetpack_dont_email_post_to_subs":false,"_jetpack_newsletter_tier_id":0,"_jetpack_memberships_contains_paywalled_content":false,"_jetpack_memberships_contains_paid_content":false,"footnotes":""},"categories":[1],"tags":[],"class_list":["post-16527","post","type-post","status-publish","format-standard","has-post-thumbnail","hentry","category-destaque"],"jetpack_sharing_enabled":true,"jetpack_featured_media_url":"","_links":{"self":[{"href":"https:\/\/www.oparanews.com.br\/index.php\/wp-json\/wp\/v2\/posts\/16527","targetHints":{"allow":["GET"]}}],"collection":[{"href":"https:\/\/www.oparanews.com.br\/index.php\/wp-json\/wp\/v2\/posts"}],"about":[{"href":"https:\/\/www.oparanews.com.br\/index.php\/wp-json\/wp\/v2\/types\/post"}],"author":[{"embeddable":true,"href":"https:\/\/www.oparanews.com.br\/index.php\/wp-json\/wp\/v2\/users\/1"}],"replies":[{"embeddable":true,"href":"https:\/\/www.oparanews.com.br\/index.php\/wp-json\/wp\/v2\/comments?post=16527"}],"version-history":[{"count":0,"href":"https:\/\/www.oparanews.com.br\/index.php\/wp-json\/wp\/v2\/posts\/16527\/revisions"}],"wp:attachment":[{"href":"https:\/\/www.oparanews.com.br\/index.php\/wp-json\/wp\/v2\/media?parent=16527"}],"wp:term":[{"taxonomy":"category","embeddable":true,"href":"https:\/\/www.oparanews.com.br\/index.php\/wp-json\/wp\/v2\/categories?post=16527"},{"taxonomy":"post_tag","embeddable":true,"href":"https:\/\/www.oparanews.com.br\/index.php\/wp-json\/wp\/v2\/tags?post=16527"}],"curies":[{"name":"wp","href":"https:\/\/api.w.org\/{rel}","templated":true}]}}