{"id":16533,"date":"2021-06-12T23:58:28","date_gmt":"2021-06-12T23:58:28","guid":{"rendered":"https:\/\/oparanews.com.br\/?p=16533"},"modified":"2021-06-12T23:58:28","modified_gmt":"2021-06-12T23:58:28","slug":"alagoas-confirma-969-novos-casos-e-20-mortes-por-covid-19","status":"publish","type":"post","link":"https:\/\/www.oparanews.com.br\/index.php\/2021\/06\/12\/alagoas-confirma-969-novos-casos-e-20-mortes-por-covid-19\/","title":{"rendered":"Alagoas confirma 969 novos casos e 20 mortes por Covid-19"},"content":{"rendered":"<p>Alagoas confirmou mais 969 casos e 20 mortes por Covid-19 nas \u00faltimas 24 horas, de acordo com o boletim epidemiol\u00f3gico divulgado pela Secretaria de Estado da Sa\u00fade (Sesau) deste s\u00e1bado (12).<\/p>\n<p>Com essa atualiza\u00e7\u00e3o, o n\u00famero de pessoas que morreram de Covid no estado desde o come\u00e7o da pandemia chegou a 4.984. O total de casos confirmados \u00e9 202.492.<\/p>\n<p>Dos casos confirmados, 193.222 pacientes se recuperaram. Outros 3.426 pacientes est\u00e3o em tratamento em isolamento domiciliar.<\/p>\n<p>O n\u00famero acumulado de casos suspeitos est\u00e1 em 14.838.<\/p>\n<p>A ocupa\u00e7\u00e3o dos leitos de UTI Covid est\u00e1 em 90% em mais da metade dos hospitais de Macei\u00f3, segundo o boletim mais recente, divulgado na sexta-feira (11).<\/p>\n<p><strong>Mais 20 mortes por Covid-19<\/strong><\/p>\n<p>Macei\u00f3: homem, 30 anos &#8211; sem comorbidade<br \/>\nMacei\u00f3: homem, 50 anos &#8211; doen\u00e7a cardiovascular cr\u00f4nica<br \/>\nMacei\u00f3: homem, 54 anos &#8211; sem comorbidade<br \/>\nMacei\u00f3: homem, 58 anos &#8211; diab\u00e9tico, hipertenso, obeso<br \/>\nMacei\u00f3: homem, 34 anos &#8211; obeso, fumante, hipertenso<br \/>\nMacei\u00f3: homem, 69 anos &#8211; doen\u00e7a cardiovascular cr\u00f4nica, asma, diab\u00e9tico<br \/>\nMacei\u00f3: mulher, 58 anos &#8211; hipertensa, diab\u00e9tica, obesa<br \/>\nMacei\u00f3: mulher, 59 anos &#8211; sem comorbidade<br \/>\nMacei\u00f3: mulher, 90 anos &#8211; doen\u00e7a cardiovascular cr\u00f4nica, diab\u00e9tica, doen\u00e7a neurol\u00f3gica<br \/>\nPalmeira dos \u00cdndios: homem, 52 anos &#8211; doen\u00e7a cardiovascular cr\u00f4nica, arritmia card\u00edaca, obeso<br \/>\nOlho d\u2019\u00c1gua as Flores: homem, 54 anos &#8211; doen\u00e7a cardiovascular cr\u00f4nica, hipertenso, diab\u00e9tico, Doen\u00e7a Pulmonar Obstrutiva Cr\u00f4nica (DPOC)<br \/>\nArapiraca: homem, 54 anos &#8211; diab\u00e9tico, hipertenso<br \/>\nFeira Grande: homem, 56 anos &#8211; sem comorbidade<br \/>\n\u00c1gua Branca: homem, 67 anos &#8211; doen\u00e7a cardiovascular cr\u00f4nica<br \/>\nBel\u00e9m: homem, 67 anos &#8211; doen\u00e7a cardiovascular cr\u00f4nica, ex-fumante<br \/>\nRio Largo: homem, 74 anos &#8211; diab\u00e9tico, hipertenso<br \/>\nMonteir\u00f3polis: homem, 82 anos &#8211; sem comorbidade<br \/>\nArapiraca: mulher, 43 anos &#8211; diab\u00e9tica, hipertensa<br \/>\nArapiraca: mulher, 45 anos &#8211; sem comorbidade<br \/>\nCapela: mulher, 72 anos &#8211; doen\u00e7a neurol\u00f3gica cr\u00f4nica, hipertensa<\/p>\n<p>&nbsp;<\/p>\n<p><strong>Fonte: G1\/AL<\/strong><\/p>\n<p>&nbsp;<\/p>\n","protected":false},"excerpt":{"rendered":"<p>Alagoas confirmou mais 969 casos e 20 mortes por Covid-19 nas \u00faltimas 24 horas, de acordo com o boletim epidemiol\u00f3gico divulgado pela Secretaria de Estado da Sa\u00fade (Sesau) deste s\u00e1bado (12). Com essa atualiza\u00e7\u00e3o, o n\u00famero de pessoas que morreram de Covid no estado desde o come\u00e7o da pandemia chegou a 4.984. O total de &hellip;<\/p>\n","protected":false},"author":1,"featured_media":16534,"comment_status":"closed","ping_status":"closed","sticky":false,"template":"","format":"standard","meta":{"_jetpack_newsletter_access":"","_jetpack_dont_email_post_to_subs":false,"_jetpack_newsletter_tier_id":0,"_jetpack_memberships_contains_paywalled_content":false,"_jetpack_memberships_contains_paid_content":false,"footnotes":""},"categories":[1],"tags":[],"class_list":["post-16533","post","type-post","status-publish","format-standard","has-post-thumbnail","hentry","category-destaque"],"jetpack_sharing_enabled":true,"jetpack_featured_media_url":"","_links":{"self":[{"href":"https:\/\/www.oparanews.com.br\/index.php\/wp-json\/wp\/v2\/posts\/16533","targetHints":{"allow":["GET"]}}],"collection":[{"href":"https:\/\/www.oparanews.com.br\/index.php\/wp-json\/wp\/v2\/posts"}],"about":[{"href":"https:\/\/www.oparanews.com.br\/index.php\/wp-json\/wp\/v2\/types\/post"}],"author":[{"embeddable":true,"href":"https:\/\/www.oparanews.com.br\/index.php\/wp-json\/wp\/v2\/users\/1"}],"replies":[{"embeddable":true,"href":"https:\/\/www.oparanews.com.br\/index.php\/wp-json\/wp\/v2\/comments?post=16533"}],"version-history":[{"count":0,"href":"https:\/\/www.oparanews.com.br\/index.php\/wp-json\/wp\/v2\/posts\/16533\/revisions"}],"wp:attachment":[{"href":"https:\/\/www.oparanews.com.br\/index.php\/wp-json\/wp\/v2\/media?parent=16533"}],"wp:term":[{"taxonomy":"category","embeddable":true,"href":"https:\/\/www.oparanews.com.br\/index.php\/wp-json\/wp\/v2\/categories?post=16533"},{"taxonomy":"post_tag","embeddable":true,"href":"https:\/\/www.oparanews.com.br\/index.php\/wp-json\/wp\/v2\/tags?post=16533"}],"curies":[{"name":"wp","href":"https:\/\/api.w.org\/{rel}","templated":true}]}}