{"id":16539,"date":"2021-06-13T00:02:00","date_gmt":"2021-06-13T00:02:00","guid":{"rendered":"https:\/\/oparanews.com.br\/?p=16539"},"modified":"2021-06-13T00:02:00","modified_gmt":"2021-06-13T00:02:00","slug":"bolsonaro-faz-motociata-em-sp-com-milhares-de-apoiadores","status":"publish","type":"post","link":"https:\/\/www.oparanews.com.br\/index.php\/2021\/06\/13\/bolsonaro-faz-motociata-em-sp-com-milhares-de-apoiadores\/","title":{"rendered":"Bolsonaro faz &#8216;motociata&#8217; em SP com milhares de apoiadores"},"content":{"rendered":"<p>O presidente Jair Bolsonaro est\u00e1 em passeata pela cidade de S\u00e3o Paulo, em manifesta\u00e7\u00e3o organizada por integrantes de clubes de tiro e de motociclismo do interior de S\u00e3o Paulo e regi\u00e3o. O ato come\u00e7ou na Zona Norte de S\u00e3o Paulo e deve seguir pela Marginal do Tiet\u00ea at\u00e9 a Rodovia dos Bandeirantes, onde o grupo deve continuar at\u00e9 o quil\u00f4metro 62, pr\u00f3ximo a Jundia\u00ed, interior do Estado, e de l\u00e1 deve retornar para a capital.<\/p>\n<p>Ao sair para a &#8216;motociata&#8217;, acompanhado de um apoiador na garupa, Bolsonaro agradeceu o convite dos manifestantes e disse &#8220;acelera para Cristo&#8221;.<\/p>\n<p>O n\u00famero de manifestantes n\u00e3o foi confirmado pela PM. No entanto, o que se sabe \u00e9 que a pol\u00edcia teve de disponibilizar mais de 6 mil PMs para mitigar os impactos do ato no tr\u00e2nsito, uma vez que havia preocupa\u00e7\u00e3o de a manifesta\u00e7\u00e3o prejudicar o com\u00e9rcio neste 12 de junho, Dia dos Namorados, quarta data comercial mais importante do ano.<\/p>\n<p>A Pol\u00edcia Militar vai refor\u00e7ar a vig\u00edlia de pontes e viadutos por onde a motociata deve passar, para evitar que objetos sejam arremessados nos manifestantes. O ato foi divulgado por parlamentares da base aliada ao presidente e grupos que, em S\u00e3o Paulo, vinham organizando protestos contra o governador Jo\u00e3o Doria (PSDB) ao longo da semana.<\/p>\n<p>No fim do ato, marcado para o Ibirapuera, um dos grandes s\u00edmbolos da capital paulista, dois drones devem ser usados pela Ag\u00eancia Brasileira de Intelig\u00eancia (Abin) para acompanhar a manifesta\u00e7\u00e3o.<\/p>\n<p>&nbsp;<\/p>\n<p><strong>por Leandro Tavares e Bruno Ribeiro\/Terra<\/strong><\/p>\n<p>&nbsp;<\/p>\n","protected":false},"excerpt":{"rendered":"<p>O presidente Jair Bolsonaro est\u00e1 em passeata pela cidade de S\u00e3o Paulo, em manifesta\u00e7\u00e3o organizada por integrantes de clubes de tiro e de motociclismo do interior de S\u00e3o Paulo e regi\u00e3o. O ato come\u00e7ou na Zona Norte de S\u00e3o Paulo e deve seguir pela Marginal do Tiet\u00ea at\u00e9 a Rodovia dos Bandeirantes, onde o grupo &hellip;<\/p>\n","protected":false},"author":1,"featured_media":16540,"comment_status":"closed","ping_status":"closed","sticky":false,"template":"","format":"standard","meta":{"_jetpack_newsletter_access":"","_jetpack_dont_email_post_to_subs":false,"_jetpack_newsletter_tier_id":0,"_jetpack_memberships_contains_paywalled_content":false,"_jetpack_memberships_contains_paid_content":false,"footnotes":""},"categories":[1],"tags":[],"class_list":["post-16539","post","type-post","status-publish","format-standard","has-post-thumbnail","hentry","category-destaque"],"jetpack_sharing_enabled":true,"jetpack_featured_media_url":"","_links":{"self":[{"href":"https:\/\/www.oparanews.com.br\/index.php\/wp-json\/wp\/v2\/posts\/16539","targetHints":{"allow":["GET"]}}],"collection":[{"href":"https:\/\/www.oparanews.com.br\/index.php\/wp-json\/wp\/v2\/posts"}],"about":[{"href":"https:\/\/www.oparanews.com.br\/index.php\/wp-json\/wp\/v2\/types\/post"}],"author":[{"embeddable":true,"href":"https:\/\/www.oparanews.com.br\/index.php\/wp-json\/wp\/v2\/users\/1"}],"replies":[{"embeddable":true,"href":"https:\/\/www.oparanews.com.br\/index.php\/wp-json\/wp\/v2\/comments?post=16539"}],"version-history":[{"count":0,"href":"https:\/\/www.oparanews.com.br\/index.php\/wp-json\/wp\/v2\/posts\/16539\/revisions"}],"wp:attachment":[{"href":"https:\/\/www.oparanews.com.br\/index.php\/wp-json\/wp\/v2\/media?parent=16539"}],"wp:term":[{"taxonomy":"category","embeddable":true,"href":"https:\/\/www.oparanews.com.br\/index.php\/wp-json\/wp\/v2\/categories?post=16539"},{"taxonomy":"post_tag","embeddable":true,"href":"https:\/\/www.oparanews.com.br\/index.php\/wp-json\/wp\/v2\/tags?post=16539"}],"curies":[{"name":"wp","href":"https:\/\/api.w.org\/{rel}","templated":true}]}}