{"id":16542,"date":"2021-06-13T00:03:26","date_gmt":"2021-06-13T00:03:26","guid":{"rendered":"https:\/\/oparanews.com.br\/?p=16542"},"modified":"2021-06-13T00:03:26","modified_gmt":"2021-06-13T00:03:26","slug":"brasil-recebera-3-milhoes-de-vacinas-da-janssen-na-terca","status":"publish","type":"post","link":"https:\/\/www.oparanews.com.br\/index.php\/2021\/06\/13\/brasil-recebera-3-milhoes-de-vacinas-da-janssen-na-terca\/","title":{"rendered":"Brasil receber\u00e1 3 milh\u00f5es de vacinas da Janssen na ter\u00e7a"},"content":{"rendered":"<p>O Brasil receber\u00e1 na ter\u00e7a-feira 3 milh\u00f5es de doses da vacina contra covid-19 da Janssen, subsidi\u00e1ria da Johnson &amp; Johnson, que ser\u00e3o aplicadas apenas nas capitais do pa\u00eds, disse neste s\u00e1bado o ministro da Sa\u00fade, Marcelo Queiroga.<\/p>\n<p>O ministro fez o an\u00fancio ap\u00f3s a ag\u00eancia reguladora dos Estados Unidos Food and Drugs Administration (FDA) autorizar a vinda das doses ao Brasil e ampliar a validade dos imunizantes de 27 de junho para 8 de agosto. Al\u00e9m disso, disse o minist\u00e9rio, a Ag\u00eancia Nacional de Vigil\u00e2ncia Sanit\u00e1ria (Anvisa) deve avaliar nesta semana pedido da Janssen por uma prorroga\u00e7\u00e3o maior da validade das doses.<\/p>\n<p>&#8220;Essas vacinas devem chegar no Brasil na ter\u00e7a-feira pela manh\u00e3&#8221;, disse Queiroga em entrevista coletiva na sede da pasta, lembrando que, ao contr\u00e1rio das vacinas contra covid-19 hoje em uso no Brasil, o imunizante da Janssen \u00e9 de dose \u00fanica, o que significa que, com essas doses que chegar\u00e3o, 3 milh\u00f5es de pessoas ter\u00e3o o esquema vacinal completo ao receb\u00ea-las.<\/p>\n<p>O ministro afirmou que as doses da vacina da Janssen vir\u00e3o da unidade que produz doses do imunizante em Baltimore, nos EUA, a mesma planta onde foram registrados problemas de contamina\u00e7\u00e3o que levaram a FDA a pedir que a farmac\u00eautica descartasse cerca de 60 milh\u00f5es de doses da vacina.<\/p>\n<p>Queiroga disse, no entanto, que a vinda das vacinas ao Brasil foi autorizada pelo \u00f3rg\u00e3o regulador norte-americano e que portanto, elas s\u00e3o seguras.<\/p>\n<p>&#8220;Essas doses s\u00e3o seguras. As autoridades sanit\u00e1rias americanas s\u00e3o rigorosas e a nossa Anvisa tamb\u00e9m, de tal maneira que podemos atestar que \u00e9 algo seguro e que o brasileiro poder\u00e1 usar essas doses com seguran\u00e7a&#8221;, garantiu o ministro.<\/p>\n<p>Tamb\u00e9m presente na entrevista coletiva, o secret\u00e1rio-executivo do minist\u00e9rio, Rodrigo Cruz, afirmou que houve um desconto de 25% no contrato da Janssen com o governo brasileiro, que prev\u00ea a compra de 38 milh\u00f5es de doses de vacinas da marca, o que implicar\u00e1 em uma redu\u00e7\u00e3o de 480 milh\u00f5es de reais em rela\u00e7\u00e3o ao valor previsto inicialmente.<\/p>\n<p>Segundo ele, isso se deveu \u00e0 decis\u00e3o da farmac\u00eautica de n\u00e3o lucrar com este primeiro contrato e \u00e0 evolu\u00e7\u00e3o do processo de fabrica\u00e7\u00e3o, que a levou a perceber que o custo de produ\u00e7\u00e3o ser\u00e1 menor do que o previsto originalmente.<\/p>\n<p>&nbsp;<\/p>\n<p><strong>por Eduardo Sim\u00f5es \/Terra<\/strong><\/p>\n<p>&nbsp;<\/p>\n","protected":false},"excerpt":{"rendered":"<p>O Brasil receber\u00e1 na ter\u00e7a-feira 3 milh\u00f5es de doses da vacina contra covid-19 da Janssen, subsidi\u00e1ria da Johnson &amp; Johnson, que ser\u00e3o aplicadas apenas nas capitais do pa\u00eds, disse neste s\u00e1bado o ministro da Sa\u00fade, Marcelo Queiroga. O ministro fez o an\u00fancio ap\u00f3s a ag\u00eancia reguladora dos Estados Unidos Food and Drugs Administration (FDA) autorizar &hellip;<\/p>\n","protected":false},"author":1,"featured_media":16543,"comment_status":"closed","ping_status":"closed","sticky":false,"template":"","format":"standard","meta":{"_jetpack_newsletter_access":"","_jetpack_dont_email_post_to_subs":false,"_jetpack_newsletter_tier_id":0,"_jetpack_memberships_contains_paywalled_content":false,"_jetpack_memberships_contains_paid_content":false,"footnotes":""},"categories":[1],"tags":[],"class_list":["post-16542","post","type-post","status-publish","format-standard","has-post-thumbnail","hentry","category-destaque"],"jetpack_sharing_enabled":true,"jetpack_featured_media_url":"","_links":{"self":[{"href":"https:\/\/www.oparanews.com.br\/index.php\/wp-json\/wp\/v2\/posts\/16542","targetHints":{"allow":["GET"]}}],"collection":[{"href":"https:\/\/www.oparanews.com.br\/index.php\/wp-json\/wp\/v2\/posts"}],"about":[{"href":"https:\/\/www.oparanews.com.br\/index.php\/wp-json\/wp\/v2\/types\/post"}],"author":[{"embeddable":true,"href":"https:\/\/www.oparanews.com.br\/index.php\/wp-json\/wp\/v2\/users\/1"}],"replies":[{"embeddable":true,"href":"https:\/\/www.oparanews.com.br\/index.php\/wp-json\/wp\/v2\/comments?post=16542"}],"version-history":[{"count":0,"href":"https:\/\/www.oparanews.com.br\/index.php\/wp-json\/wp\/v2\/posts\/16542\/revisions"}],"wp:attachment":[{"href":"https:\/\/www.oparanews.com.br\/index.php\/wp-json\/wp\/v2\/media?parent=16542"}],"wp:term":[{"taxonomy":"category","embeddable":true,"href":"https:\/\/www.oparanews.com.br\/index.php\/wp-json\/wp\/v2\/categories?post=16542"},{"taxonomy":"post_tag","embeddable":true,"href":"https:\/\/www.oparanews.com.br\/index.php\/wp-json\/wp\/v2\/tags?post=16542"}],"curies":[{"name":"wp","href":"https:\/\/api.w.org\/{rel}","templated":true}]}}