{"id":16557,"date":"2021-06-13T18:24:14","date_gmt":"2021-06-13T18:24:14","guid":{"rendered":"https:\/\/oparanews.com.br\/?p=16557"},"modified":"2021-06-13T18:24:14","modified_gmt":"2021-06-13T18:24:14","slug":"jovem-e-preso-apos-ser-flagrado-dirigindo-veiculo-e-consumindo-bebida-alcoolica","status":"publish","type":"post","link":"https:\/\/www.oparanews.com.br\/index.php\/2021\/06\/13\/jovem-e-preso-apos-ser-flagrado-dirigindo-veiculo-e-consumindo-bebida-alcoolica\/","title":{"rendered":"Jovem \u00e9 preso ap\u00f3s ser flagrado dirigindo ve\u00edculo e consumindo bebida alco\u00f3lica"},"content":{"rendered":"<p>Um jovem de 24 anos foi preso na noite deste s\u00e1bado (12) ao ser flagrado conduzindo um ve\u00edculo de passeio consumindo bebida alco\u00f3lica. O fato foi registrado em um trecho da rodovia AL-220, no bairro Santa Esmeralda, em Arapiraca no Agreste de Alagoas.<\/p>\n<p>A guarni\u00e7\u00e3o do Canil, pertencente ao 3\u00ba BPM realizava rondas no local, quando flagrou o indiv\u00edduo conduzindo um VW\/ Crossfox, consumindo bebida alco\u00f3lica.<\/p>\n<p>Ao ser dada voz de parada para a realiza\u00e7\u00e3o da abordagem, foi verificado que o jovem estava visivelmente embriagado. Ele foi conduzido ao posto do BPRv, onde foi submetido ao teste de alcoolemia, cujo resultado foi de 0.59 mg\/l.<\/p>\n<p>O indiv\u00edduo foi ent\u00e3o conduzido at\u00e9 a Central de Pol\u00edcia Civil, no bairro Baix\u00e3o, em Arapiraca, onde foi lavrado um auto de pris\u00e3o em flagrante por conduzir ve\u00edculo com capacidade psicomotora alterada em raz\u00e3o da influ\u00eancia de \u00e1lcool ou de drogas.<\/p>\n<p>&nbsp;<\/p>\n<p><strong>Fonte: J\u00e1 \u00e9 Not\u00edcia<\/strong><\/p>\n<p>&nbsp;<\/p>\n","protected":false},"excerpt":{"rendered":"<p>Um jovem de 24 anos foi preso na noite deste s\u00e1bado (12) ao ser flagrado conduzindo um ve\u00edculo de passeio consumindo bebida alco\u00f3lica. O fato foi registrado em um trecho da rodovia AL-220, no bairro Santa Esmeralda, em Arapiraca no Agreste de Alagoas. A guarni\u00e7\u00e3o do Canil, pertencente ao 3\u00ba BPM realizava rondas no local, &hellip;<\/p>\n","protected":false},"author":1,"featured_media":16558,"comment_status":"closed","ping_status":"closed","sticky":false,"template":"","format":"standard","meta":{"_jetpack_newsletter_access":"","_jetpack_dont_email_post_to_subs":false,"_jetpack_newsletter_tier_id":0,"_jetpack_memberships_contains_paywalled_content":false,"_jetpack_memberships_contains_paid_content":false,"footnotes":""},"categories":[1],"tags":[],"class_list":["post-16557","post","type-post","status-publish","format-standard","has-post-thumbnail","hentry","category-destaque"],"jetpack_sharing_enabled":true,"jetpack_featured_media_url":"","_links":{"self":[{"href":"https:\/\/www.oparanews.com.br\/index.php\/wp-json\/wp\/v2\/posts\/16557","targetHints":{"allow":["GET"]}}],"collection":[{"href":"https:\/\/www.oparanews.com.br\/index.php\/wp-json\/wp\/v2\/posts"}],"about":[{"href":"https:\/\/www.oparanews.com.br\/index.php\/wp-json\/wp\/v2\/types\/post"}],"author":[{"embeddable":true,"href":"https:\/\/www.oparanews.com.br\/index.php\/wp-json\/wp\/v2\/users\/1"}],"replies":[{"embeddable":true,"href":"https:\/\/www.oparanews.com.br\/index.php\/wp-json\/wp\/v2\/comments?post=16557"}],"version-history":[{"count":0,"href":"https:\/\/www.oparanews.com.br\/index.php\/wp-json\/wp\/v2\/posts\/16557\/revisions"}],"wp:attachment":[{"href":"https:\/\/www.oparanews.com.br\/index.php\/wp-json\/wp\/v2\/media?parent=16557"}],"wp:term":[{"taxonomy":"category","embeddable":true,"href":"https:\/\/www.oparanews.com.br\/index.php\/wp-json\/wp\/v2\/categories?post=16557"},{"taxonomy":"post_tag","embeddable":true,"href":"https:\/\/www.oparanews.com.br\/index.php\/wp-json\/wp\/v2\/tags?post=16557"}],"curies":[{"name":"wp","href":"https:\/\/api.w.org\/{rel}","templated":true}]}}