{"id":16575,"date":"2021-06-14T13:48:31","date_gmt":"2021-06-14T13:48:31","guid":{"rendered":"https:\/\/oparanews.com.br\/?p=16575"},"modified":"2021-06-14T13:48:31","modified_gmt":"2021-06-14T13:48:31","slug":"homem-e-preso-suspeito-de-estuprar-adolescente-de-13-anos","status":"publish","type":"post","link":"https:\/\/www.oparanews.com.br\/index.php\/2021\/06\/14\/homem-e-preso-suspeito-de-estuprar-adolescente-de-13-anos\/","title":{"rendered":"Homem \u00e9 preso suspeito de estuprar adolescente de 13 anos"},"content":{"rendered":"<p>Um homem foi preso suspeito de estuprar um adolescente de 13 anos de idade, nesse domingo (13), no munic\u00edpio de Santa Luzia do Norte, no interior de Alagoas.<\/p>\n<p>Conforme consta no relat\u00f3rio do Centro Integrado de Opera\u00e7\u00f5es da Seguran\u00e7a P\u00fablica (Ciosp), os pais da v\u00edtima que acionaram a pol\u00edcia ap\u00f3s tomarem conhecimento do fato.<\/p>\n<p>O suspeito, por sua vez, foi localizado em seguida, sendo preso em flagrante pelo crime de estupro de vulner\u00e1vel.<\/p>\n<p>Populares, no entanto, ainda tentaram deter o suspeito, para agredi-lo, mas, militares, fizeram uso de elast\u00f4mero para dispersar a multid\u00e3o.<\/p>\n<p>Em seguida, o suspeito foi levado para a Central de Flagrantes I, em Macei\u00f3, para a realiza\u00e7\u00e3o dos procedimentos cab\u00edveis.<\/p>\n<p>J\u00e1 a v\u00edtima foi levada para o Hospital da Mulher, onde foi atendida pela equipe m\u00e9dica plantonista.<\/p>\n<p>A identidade dos envolvidos n\u00e3o foi divulgada.<\/p>\n<p>&nbsp;<\/p>\n<p><strong>por Greyce Bernardino\/Gazetaweb<\/strong><\/p>\n<p>&nbsp;<\/p>\n","protected":false},"excerpt":{"rendered":"<p>Um homem foi preso suspeito de estuprar um adolescente de 13 anos de idade, nesse domingo (13), no munic\u00edpio de Santa Luzia do Norte, no interior de Alagoas. Conforme consta no relat\u00f3rio do Centro Integrado de Opera\u00e7\u00f5es da Seguran\u00e7a P\u00fablica (Ciosp), os pais da v\u00edtima que acionaram a pol\u00edcia ap\u00f3s tomarem conhecimento do fato. O &hellip;<\/p>\n","protected":false},"author":1,"featured_media":16576,"comment_status":"closed","ping_status":"closed","sticky":false,"template":"","format":"standard","meta":{"_jetpack_newsletter_access":"","_jetpack_dont_email_post_to_subs":false,"_jetpack_newsletter_tier_id":0,"_jetpack_memberships_contains_paywalled_content":false,"_jetpack_memberships_contains_paid_content":false,"footnotes":""},"categories":[1],"tags":[],"class_list":["post-16575","post","type-post","status-publish","format-standard","has-post-thumbnail","hentry","category-destaque"],"jetpack_sharing_enabled":true,"jetpack_featured_media_url":"","_links":{"self":[{"href":"https:\/\/www.oparanews.com.br\/index.php\/wp-json\/wp\/v2\/posts\/16575","targetHints":{"allow":["GET"]}}],"collection":[{"href":"https:\/\/www.oparanews.com.br\/index.php\/wp-json\/wp\/v2\/posts"}],"about":[{"href":"https:\/\/www.oparanews.com.br\/index.php\/wp-json\/wp\/v2\/types\/post"}],"author":[{"embeddable":true,"href":"https:\/\/www.oparanews.com.br\/index.php\/wp-json\/wp\/v2\/users\/1"}],"replies":[{"embeddable":true,"href":"https:\/\/www.oparanews.com.br\/index.php\/wp-json\/wp\/v2\/comments?post=16575"}],"version-history":[{"count":0,"href":"https:\/\/www.oparanews.com.br\/index.php\/wp-json\/wp\/v2\/posts\/16575\/revisions"}],"wp:attachment":[{"href":"https:\/\/www.oparanews.com.br\/index.php\/wp-json\/wp\/v2\/media?parent=16575"}],"wp:term":[{"taxonomy":"category","embeddable":true,"href":"https:\/\/www.oparanews.com.br\/index.php\/wp-json\/wp\/v2\/categories?post=16575"},{"taxonomy":"post_tag","embeddable":true,"href":"https:\/\/www.oparanews.com.br\/index.php\/wp-json\/wp\/v2\/tags?post=16575"}],"curies":[{"name":"wp","href":"https:\/\/api.w.org\/{rel}","templated":true}]}}