{"id":16594,"date":"2021-06-14T16:15:11","date_gmt":"2021-06-14T16:15:11","guid":{"rendered":"https:\/\/oparanews.com.br\/?p=16594"},"modified":"2021-06-14T16:15:11","modified_gmt":"2021-06-14T16:15:11","slug":"vereador-irmao-joao-reivindica-instalacao-de-centro-de-acompanhamento-pos-covid-e-construcao-da-praca-da-biblia","status":"publish","type":"post","link":"https:\/\/www.oparanews.com.br\/index.php\/2021\/06\/14\/vereador-irmao-joao-reivindica-instalacao-de-centro-de-acompanhamento-pos-covid-e-construcao-da-praca-da-biblia\/","title":{"rendered":"Vereador Irm\u00e3o Jo\u00e3o reivindica instala\u00e7\u00e3o de centro de acompanhamento p\u00f3s-covid e constru\u00e7\u00e3o da Pra\u00e7a da B\u00edblia"},"content":{"rendered":"<p>As sequelas da Covid tamb\u00e9m podem causar a morte do paciente, conforme apontam os registros dos \u00f3bitos da pandemia respons\u00e1vel por mais de cinco mil vidas perdidas em Alagoas.<\/p>\n<p>Preocupado com a plena recupera\u00e7\u00e3o dos penedenses que foram contaminados pelo coronav\u00edrus, o Vereador Irm\u00e3o Jo\u00e3o (Jo\u00e3o Ferreira da Silva) prop\u00f4s ao poder p\u00fablico municipal a instala\u00e7\u00e3o de um centro m\u00e9dico destinado exclusivamente para o acompanhamento p\u00f3s-Covid.<\/p>\n<p>Al\u00e9m do pleito apresentado durante a sess\u00e3o on-line realizada em 10 de junho, o Vereador Irm\u00e3o Jo\u00e3o tamb\u00e9m solicitou a constru\u00e7\u00e3o da Pra\u00e7a da B\u00edblia com objetivo de oferecer um \u201cespa\u00e7o de evangeliza\u00e7\u00e3o ao ar livre\u201d para a comunidade penedense, conforme destacou no requerimento.<\/p>\n<p>O parlamentar tamb\u00e9m reivindica a pavimenta\u00e7\u00e3o de acesso \u00e0 Vila Santa Clara, especificamente da rua situada no lado oposto da Rodovia M\u00e1rio Freire Leahy, benef\u00edcio a ser viabilizado por meio da inclus\u00e3o do referido acesso no Programa Pr\u00f3-Estrada.<\/p>\n<p>&nbsp;<\/p>\n<p><strong>Fonte: Ascom CMP<\/strong><\/p>\n<p>&nbsp;<\/p>\n","protected":false},"excerpt":{"rendered":"<p>As sequelas da Covid tamb\u00e9m podem causar a morte do paciente, conforme apontam os registros dos \u00f3bitos da pandemia respons\u00e1vel por mais de cinco mil vidas perdidas em Alagoas. Preocupado com a plena recupera\u00e7\u00e3o dos penedenses que foram contaminados pelo coronav\u00edrus, o Vereador Irm\u00e3o Jo\u00e3o (Jo\u00e3o Ferreira da Silva) prop\u00f4s ao poder p\u00fablico municipal a &hellip;<\/p>\n","protected":false},"author":1,"featured_media":16595,"comment_status":"closed","ping_status":"closed","sticky":false,"template":"","format":"standard","meta":{"_jetpack_newsletter_access":"","_jetpack_dont_email_post_to_subs":false,"_jetpack_newsletter_tier_id":0,"_jetpack_memberships_contains_paywalled_content":false,"_jetpack_memberships_contains_paid_content":false,"footnotes":""},"categories":[1],"tags":[],"class_list":["post-16594","post","type-post","status-publish","format-standard","has-post-thumbnail","hentry","category-destaque"],"jetpack_sharing_enabled":true,"jetpack_featured_media_url":"","_links":{"self":[{"href":"https:\/\/www.oparanews.com.br\/index.php\/wp-json\/wp\/v2\/posts\/16594","targetHints":{"allow":["GET"]}}],"collection":[{"href":"https:\/\/www.oparanews.com.br\/index.php\/wp-json\/wp\/v2\/posts"}],"about":[{"href":"https:\/\/www.oparanews.com.br\/index.php\/wp-json\/wp\/v2\/types\/post"}],"author":[{"embeddable":true,"href":"https:\/\/www.oparanews.com.br\/index.php\/wp-json\/wp\/v2\/users\/1"}],"replies":[{"embeddable":true,"href":"https:\/\/www.oparanews.com.br\/index.php\/wp-json\/wp\/v2\/comments?post=16594"}],"version-history":[{"count":0,"href":"https:\/\/www.oparanews.com.br\/index.php\/wp-json\/wp\/v2\/posts\/16594\/revisions"}],"wp:attachment":[{"href":"https:\/\/www.oparanews.com.br\/index.php\/wp-json\/wp\/v2\/media?parent=16594"}],"wp:term":[{"taxonomy":"category","embeddable":true,"href":"https:\/\/www.oparanews.com.br\/index.php\/wp-json\/wp\/v2\/categories?post=16594"},{"taxonomy":"post_tag","embeddable":true,"href":"https:\/\/www.oparanews.com.br\/index.php\/wp-json\/wp\/v2\/tags?post=16594"}],"curies":[{"name":"wp","href":"https:\/\/api.w.org\/{rel}","templated":true}]}}