{"id":16600,"date":"2021-06-14T20:09:23","date_gmt":"2021-06-14T20:09:23","guid":{"rendered":"https:\/\/oparanews.com.br\/?p=16600"},"modified":"2021-06-14T20:09:23","modified_gmt":"2021-06-14T20:09:23","slug":"prefeitura-de-penedo-abre-inscricao-para-live-junina-arroche-o-no","status":"publish","type":"post","link":"https:\/\/www.oparanews.com.br\/index.php\/2021\/06\/14\/prefeitura-de-penedo-abre-inscricao-para-live-junina-arroche-o-no\/","title":{"rendered":"Prefeitura de Penedo abre inscri\u00e7\u00e3o para Live Junina Arroche o N\u00f3"},"content":{"rendered":"<p>O talento e a qualidade da cultura musical penedense vai dar o tom dos festejos juninos na Cidade dos Sobrados.<\/p>\n<p>Em mais uma a\u00e7\u00e3o de incentivo e apoio aos artistas locais, a Secretaria Municipal de Cultura, Lazer e Juventude abre amanh\u00e3 (ter\u00e7a-feira, 15 de junho) inscri\u00e7\u00f5es para participa\u00e7\u00e3o na Live Junina Arroche o N\u00f3.<\/p>\n<p>O chamamento p\u00fablico lan\u00e7ado pela Prefeitura de Penedo est\u00e1 publicado no Di\u00e1rio Oficial do Munic\u00edpio (confira o link clicando aqui).<\/p>\n<p>O credenciamento de m\u00fasicos para as apresenta\u00e7\u00f5es que ser\u00e3o transmitidas pelo canal no YouTube da Prefeitura de Penedo ser\u00e1 conclu\u00eddo na quarta-feira, 16.<\/p>\n<p>A Live Junina Arroche o N\u00f3 acontecer\u00e1 nos dias 25 e 26 de junho.<\/p>\n<p>A expectativa \u00e9 de atender mais de 50 m\u00fasicos, todos residentes em Penedo, com pagamento de aux\u00edlio no valor de R4 400, 00 para cada participante, desde que seja maior de 18 anos, e que exer\u00e7a profissionalmente atividade relacionada ao ritmo musical \u201cforr\u00f3\u201d, individualmente ou em grupo.<\/p>\n<p>N\u00e3o perca tempo! Leve sua proposta e documentos pessoais para an\u00e1lise da comiss\u00e3o de avalia\u00e7\u00e3o que atender\u00e1 os interessados na Casa de Aposentadoria, no hor\u00e1rio entre 8h e 13 horas.<\/p>\n<p>Confira o edital na imagem abaixo<\/p>\n<p><a href=\"https:\/\/penedo.al.gov.br\/wp-content\/uploads\/2021\/06\/EDITAL-CREDENCIAMENTO-LIVE-JUNINA-ARROCHE-O-NO.pdf\"><strong>EDITAL CREDENCIAMENTO \u2013 LIVE JUNINA ARROCHE O NO<\/strong><\/a><\/p>\n<p>&nbsp;<\/p>\n<p><strong>Fonte: Decom &#8211; PMP<\/strong><\/p>\n<p>&nbsp;<\/p>\n","protected":false},"excerpt":{"rendered":"<p>O talento e a qualidade da cultura musical penedense vai dar o tom dos festejos juninos na Cidade dos Sobrados. Em mais uma a\u00e7\u00e3o de incentivo e apoio aos artistas locais, a Secretaria Municipal de Cultura, Lazer e Juventude abre amanh\u00e3 (ter\u00e7a-feira, 15 de junho) inscri\u00e7\u00f5es para participa\u00e7\u00e3o na Live Junina Arroche o N\u00f3. O &hellip;<\/p>\n","protected":false},"author":1,"featured_media":16601,"comment_status":"closed","ping_status":"closed","sticky":false,"template":"","format":"standard","meta":{"_jetpack_newsletter_access":"","_jetpack_dont_email_post_to_subs":false,"_jetpack_newsletter_tier_id":0,"_jetpack_memberships_contains_paywalled_content":false,"_jetpack_memberships_contains_paid_content":false,"footnotes":""},"categories":[1],"tags":[],"class_list":["post-16600","post","type-post","status-publish","format-standard","has-post-thumbnail","hentry","category-destaque"],"jetpack_sharing_enabled":true,"jetpack_featured_media_url":"","_links":{"self":[{"href":"https:\/\/www.oparanews.com.br\/index.php\/wp-json\/wp\/v2\/posts\/16600","targetHints":{"allow":["GET"]}}],"collection":[{"href":"https:\/\/www.oparanews.com.br\/index.php\/wp-json\/wp\/v2\/posts"}],"about":[{"href":"https:\/\/www.oparanews.com.br\/index.php\/wp-json\/wp\/v2\/types\/post"}],"author":[{"embeddable":true,"href":"https:\/\/www.oparanews.com.br\/index.php\/wp-json\/wp\/v2\/users\/1"}],"replies":[{"embeddable":true,"href":"https:\/\/www.oparanews.com.br\/index.php\/wp-json\/wp\/v2\/comments?post=16600"}],"version-history":[{"count":0,"href":"https:\/\/www.oparanews.com.br\/index.php\/wp-json\/wp\/v2\/posts\/16600\/revisions"}],"wp:attachment":[{"href":"https:\/\/www.oparanews.com.br\/index.php\/wp-json\/wp\/v2\/media?parent=16600"}],"wp:term":[{"taxonomy":"category","embeddable":true,"href":"https:\/\/www.oparanews.com.br\/index.php\/wp-json\/wp\/v2\/categories?post=16600"},{"taxonomy":"post_tag","embeddable":true,"href":"https:\/\/www.oparanews.com.br\/index.php\/wp-json\/wp\/v2\/tags?post=16600"}],"curies":[{"name":"wp","href":"https:\/\/api.w.org\/{rel}","templated":true}]}}