{"id":16603,"date":"2021-06-15T01:18:51","date_gmt":"2021-06-15T01:18:51","guid":{"rendered":"https:\/\/oparanews.com.br\/?p=16603"},"modified":"2021-06-15T01:18:51","modified_gmt":"2021-06-15T01:18:51","slug":"copa-america-registra-41-casos-de-coronavirus","status":"publish","type":"post","link":"https:\/\/www.oparanews.com.br\/index.php\/2021\/06\/15\/copa-america-registra-41-casos-de-coronavirus\/","title":{"rendered":"Copa Am\u00e9rica registra 41 casos de coronav\u00edrus"},"content":{"rendered":"<p>A Copa Am\u00e9rica j\u00e1 provocou 41 casos de covid-19 entre jogadores, integrantes das delega\u00e7\u00f5es e prestadores de servi\u00e7o. Deste total, 31 casos foram detectados em atletas e membros das delega\u00e7\u00f5es e outros dez em prestadores de servi\u00e7os contratados pela Confedera\u00e7\u00e3o Sul-Americana de Futebol (Conmebol). Todos os casos ocorreram em Bras\u00edlia.<\/p>\n<p>At\u00e9 agora, o Minist\u00e9rio da Sa\u00fade diz ter feito 2.927 testes de RT-PCR para o torneio. Os prestadores de servi\u00e7o da Conmebol foram contaminados pelo novo coronav\u00edrus ap\u00f3s contato com delega\u00e7\u00f5es estrangeiras que chegaram \u00e0 capital para participar da Copa Am\u00e9rica. A informa\u00e7\u00e3o foi confirmada nesta segunda-feira, 14, pelo Minist\u00e9rio da Sa\u00fade ao Estad\u00e3o.<\/p>\n<p>Ao menos 13 integrantes da sele\u00e7\u00e3o venezuelana, que chegou ao Brasil na sexta-feira, 11, tiveram o teste positivo para covid-19, entre atletas e membros da comiss\u00e3o t\u00e9cnica. O Minist\u00e9rio da Sa\u00fade e a Secretaria de Sa\u00fade do Distrito Federal atuam no monitoramento dos funcion\u00e1rios de hot\u00e9is que mant\u00eam contato com delega\u00e7\u00f5es estrangeiras.<\/p>\n<p>Al\u00e9m da Venezuela, outras sele\u00e7\u00f5es tamb\u00e9m registraram casos de coronav\u00edrus. Na sele\u00e7\u00e3o boliviana, por exemplo, s\u00e3o quatro casos positivos. Os jogadores n\u00e3o participar\u00e3o do duelo de estreia da Bol\u00edvia, que ocorrer\u00e1 \u00e0s 21 horas desta segunda-feira, 14, contra o Paraguai, em Goi\u00e2nia (GO).<\/p>\n<p>A Copa Am\u00e9rica de 2021 veio para o Brasil depois que Col\u00f4mbia e Argentina desistiram de sediar o evento por causa da pandemia de coronav\u00edrus. A vinda do torneio para o Brasil foi fruto de um acordo entre a Confedera\u00e7\u00e3o Sul-Americana de Futebol (Conmebol) e o governo do presidente Jair Bolsonaro, intermediado pela Confedera\u00e7\u00e3o Brasileira de Futebol, a CBF.<\/p>\n<p>O primeiro jogo da competi\u00e7\u00e3o foi realizado em Bras\u00edlia neste domingo, 13, entre o Brasil e a Venezuela. O escrete canarinho ganhou por 3 a 0.<\/p>\n<p>Na \u00faltima semana, o pr\u00f3prio Minist\u00e9rio da Sa\u00fade divulgou os protocolos de seguran\u00e7a para a Copa Am\u00e9rica. A pasta estabeleceu regras para cada momento da perman\u00eancia das equipes, desde a chegada no Brasil at\u00e9 o retorno aos pa\u00edses de origem. Os atletas dever\u00e3o permanecer nos hot\u00e9is onde estiverem hospedados e n\u00e3o poder\u00e3o deixar o local, a n\u00e3o ser para treinar. Os jogadores tamb\u00e9m precisar\u00e3o fazer testes de covid-19 a cada dois dias.<\/p>\n<p>Na semana passada, o ministro da Sa\u00fade, Marcelo Queiroga, minimizou a ocorr\u00eancia de casos positivos da doen\u00e7a entre membros das delega\u00e7\u00f5es estrangeiras. &#8220;Faz parte. Se n\u00e3o tivermos possibilidade de casos positivos, n\u00e3o ter\u00edamos protocolos rigorosos. Devem vir outros atletas e acontecer\u00e1 a partida normalmente&#8221;, disse o ministro da Sa\u00fade.<\/p>\n<p>Antes, em seu segundo depoimento \u00e0 CPI da Covid no Senado, Queiroga j\u00e1 havia dito que a realiza\u00e7\u00e3o dos jogos no Brasil n\u00e3o trazia &#8220;risco adicional&#8221; ao pa\u00eds em rela\u00e7\u00e3o \u00e0 pandemia. O ministro, que n\u00e3o foi consultado antes da decis\u00e3o do governo de sediar o torneio, disse n\u00e3o caber ao Minist\u00e9rio da Sa\u00fade interferir na realiza\u00e7\u00e3o da Copa Am\u00e9rica por se tratar de um evento privado.<\/p>\n<p>&#8220;O que o Minist\u00e9rio da Sa\u00fade tem que fazer \u00e9 verificar os protocolos de seguran\u00e7a e refor\u00e7\u00e1-los para que n\u00e3o haja risco adicional para os atletas, a comiss\u00e3o t\u00e9cnica e todos que participam do evento. Os Estados que aceitaram fazer a competi\u00e7\u00e3o tamb\u00e9m participam dessa a\u00e7\u00e3o&#8221;, afirmou Queiroga na ocasi\u00e3o.<\/p>\n<p>&nbsp;<\/p>\n<p><strong>por Andr\u00e9 Shalders\/Terra<\/strong><\/p>\n<p>&nbsp;<\/p>\n","protected":false},"excerpt":{"rendered":"<p>A Copa Am\u00e9rica j\u00e1 provocou 41 casos de covid-19 entre jogadores, integrantes das delega\u00e7\u00f5es e prestadores de servi\u00e7o. Deste total, 31 casos foram detectados em atletas e membros das delega\u00e7\u00f5es e outros dez em prestadores de servi\u00e7os contratados pela Confedera\u00e7\u00e3o Sul-Americana de Futebol (Conmebol). Todos os casos ocorreram em Bras\u00edlia. At\u00e9 agora, o Minist\u00e9rio da &hellip;<\/p>\n","protected":false},"author":1,"featured_media":16604,"comment_status":"closed","ping_status":"closed","sticky":false,"template":"","format":"standard","meta":{"_jetpack_newsletter_access":"","_jetpack_dont_email_post_to_subs":false,"_jetpack_newsletter_tier_id":0,"_jetpack_memberships_contains_paywalled_content":false,"_jetpack_memberships_contains_paid_content":false,"footnotes":""},"categories":[1],"tags":[],"class_list":["post-16603","post","type-post","status-publish","format-standard","has-post-thumbnail","hentry","category-destaque"],"jetpack_sharing_enabled":true,"jetpack_featured_media_url":"","_links":{"self":[{"href":"https:\/\/www.oparanews.com.br\/index.php\/wp-json\/wp\/v2\/posts\/16603","targetHints":{"allow":["GET"]}}],"collection":[{"href":"https:\/\/www.oparanews.com.br\/index.php\/wp-json\/wp\/v2\/posts"}],"about":[{"href":"https:\/\/www.oparanews.com.br\/index.php\/wp-json\/wp\/v2\/types\/post"}],"author":[{"embeddable":true,"href":"https:\/\/www.oparanews.com.br\/index.php\/wp-json\/wp\/v2\/users\/1"}],"replies":[{"embeddable":true,"href":"https:\/\/www.oparanews.com.br\/index.php\/wp-json\/wp\/v2\/comments?post=16603"}],"version-history":[{"count":0,"href":"https:\/\/www.oparanews.com.br\/index.php\/wp-json\/wp\/v2\/posts\/16603\/revisions"}],"wp:attachment":[{"href":"https:\/\/www.oparanews.com.br\/index.php\/wp-json\/wp\/v2\/media?parent=16603"}],"wp:term":[{"taxonomy":"category","embeddable":true,"href":"https:\/\/www.oparanews.com.br\/index.php\/wp-json\/wp\/v2\/categories?post=16603"},{"taxonomy":"post_tag","embeddable":true,"href":"https:\/\/www.oparanews.com.br\/index.php\/wp-json\/wp\/v2\/tags?post=16603"}],"curies":[{"name":"wp","href":"https:\/\/api.w.org\/{rel}","templated":true}]}}