{"id":16606,"date":"2021-06-15T13:00:09","date_gmt":"2021-06-15T13:00:09","guid":{"rendered":"https:\/\/oparanews.com.br\/?p=16606"},"modified":"2021-06-15T13:00:09","modified_gmt":"2021-06-15T13:00:09","slug":"alagoas-ja-tem-mais-de-60-mil-profissionais-da-educacao-imunizados-com-a-1a-dose","status":"publish","type":"post","link":"https:\/\/www.oparanews.com.br\/index.php\/2021\/06\/15\/alagoas-ja-tem-mais-de-60-mil-profissionais-da-educacao-imunizados-com-a-1a-dose\/","title":{"rendered":"Alagoas j\u00e1 tem mais de 60 mil profissionais da Educa\u00e7\u00e3o imunizados com a 1\u00aa dose"},"content":{"rendered":"<p>Alagoas j\u00e1 tem mais de 60 mil profissionais da Educa\u00e7\u00e3o (B\u00e1sica e Superior) imunizados com a primeira dose de uma das vacinas contra a Covid-19. Os dados s\u00e3o do site do Minist\u00e9rio da Sa\u00fade e s\u00e3o relativos \u00e0 campanha de vacina\u00e7\u00e3o para os educadores iniciada em 10 de maio. Se levado em conta o fato de que um percentual de educadores j\u00e1 haviam sido vacinados previamente por idade, comorbidade e como profissionais de sa\u00fade (no caso dos professores da Educa\u00e7\u00e3o F\u00edsica com dupla habilita\u00e7\u00e3o), esse n\u00famero \u00e9 ainda maior.<\/p>\n<p>\u201cTemos 95% dos servidores da Educa\u00e7\u00e3o B\u00e1sica de Alagoas j\u00e1 imunizados com pelo menos a primeira dose e isso \u00e9 um aspecto extremamente positivo, visto que muitos estados do Brasil ainda nem iniciaram a vacina\u00e7\u00e3o dos servidores da Educa\u00e7\u00e3o. Este \u00e9 um ponto fundamental para come\u00e7armos a preparar a rede estadual para a futura retomada das atividades presenciais\u201d, comemora o secret\u00e1rio de Estado da Educa\u00e7\u00e3o, Rafael Brito.<\/p>\n<p>A professora Alessandra de Souza, gestora adjunta da Escola Estadual J\u00falio Auto, de Macei\u00f3, foi uma das que se vacinou logo no in\u00edcio da campanha. Ela destaca a import\u00e2ncia da imuniza\u00e7\u00e3o.<\/p>\n<p>\u201cNo momento em que vivemos, onde tantas incertezas assolam nossas vidas, a vacina\u00e7\u00e3o \u00e9 uma esperan\u00e7a de um novo recome\u00e7o e, para a educa\u00e7\u00e3o, \u00e9 uma forma de garantir a todos o direito a uma educa\u00e7\u00e3o com qualidade\u201d, avalia a professora, cuja segunda dose est\u00e1 prevista para o m\u00eas de agosto.<\/p>\n<p>&nbsp;<\/p>\n<p><strong>por Ana Paula Lins\/Ag\u00eancia Alagoas<\/strong><\/p>\n<p>&nbsp;<\/p>\n","protected":false},"excerpt":{"rendered":"<p>Alagoas j\u00e1 tem mais de 60 mil profissionais da Educa\u00e7\u00e3o (B\u00e1sica e Superior) imunizados com a primeira dose de uma das vacinas contra a Covid-19. Os dados s\u00e3o do site do Minist\u00e9rio da Sa\u00fade e s\u00e3o relativos \u00e0 campanha de vacina\u00e7\u00e3o para os educadores iniciada em 10 de maio. Se levado em conta o fato &hellip;<\/p>\n","protected":false},"author":1,"featured_media":16607,"comment_status":"closed","ping_status":"closed","sticky":false,"template":"","format":"standard","meta":{"_jetpack_newsletter_access":"","_jetpack_dont_email_post_to_subs":false,"_jetpack_newsletter_tier_id":0,"_jetpack_memberships_contains_paywalled_content":false,"_jetpack_memberships_contains_paid_content":false,"footnotes":""},"categories":[1],"tags":[],"class_list":["post-16606","post","type-post","status-publish","format-standard","has-post-thumbnail","hentry","category-destaque"],"jetpack_sharing_enabled":true,"jetpack_featured_media_url":"","_links":{"self":[{"href":"https:\/\/www.oparanews.com.br\/index.php\/wp-json\/wp\/v2\/posts\/16606","targetHints":{"allow":["GET"]}}],"collection":[{"href":"https:\/\/www.oparanews.com.br\/index.php\/wp-json\/wp\/v2\/posts"}],"about":[{"href":"https:\/\/www.oparanews.com.br\/index.php\/wp-json\/wp\/v2\/types\/post"}],"author":[{"embeddable":true,"href":"https:\/\/www.oparanews.com.br\/index.php\/wp-json\/wp\/v2\/users\/1"}],"replies":[{"embeddable":true,"href":"https:\/\/www.oparanews.com.br\/index.php\/wp-json\/wp\/v2\/comments?post=16606"}],"version-history":[{"count":0,"href":"https:\/\/www.oparanews.com.br\/index.php\/wp-json\/wp\/v2\/posts\/16606\/revisions"}],"wp:attachment":[{"href":"https:\/\/www.oparanews.com.br\/index.php\/wp-json\/wp\/v2\/media?parent=16606"}],"wp:term":[{"taxonomy":"category","embeddable":true,"href":"https:\/\/www.oparanews.com.br\/index.php\/wp-json\/wp\/v2\/categories?post=16606"},{"taxonomy":"post_tag","embeddable":true,"href":"https:\/\/www.oparanews.com.br\/index.php\/wp-json\/wp\/v2\/tags?post=16606"}],"curies":[{"name":"wp","href":"https:\/\/api.w.org\/{rel}","templated":true}]}}