{"id":16609,"date":"2021-06-15T14:05:33","date_gmt":"2021-06-15T14:05:33","guid":{"rendered":"https:\/\/oparanews.com.br\/?p=16609"},"modified":"2021-06-15T14:05:33","modified_gmt":"2021-06-15T14:05:33","slug":"prefeito-ronaldo-lopes-assina-convenio-de-cooperacao-tecnica-entre-a-prefeitura-de-penedo-e-o-ifal","status":"publish","type":"post","link":"https:\/\/www.oparanews.com.br\/index.php\/2021\/06\/15\/prefeito-ronaldo-lopes-assina-convenio-de-cooperacao-tecnica-entre-a-prefeitura-de-penedo-e-o-ifal\/","title":{"rendered":"Prefeito Ronaldo Lopes assina conv\u00eanio de coopera\u00e7\u00e3o t\u00e9cnica entre a Prefeitura de Penedo e o IFAL"},"content":{"rendered":"<p>O Prefeito de Penedo Ronaldo Lopes assinou juntamente com o reitor do IFAL- Instituto Federal de Alagoas, Carlos Guedes, um conv\u00eanio de coopera\u00e7\u00e3o t\u00e9cnica entre a Prefeitura de Penedo e o IFAL.<\/p>\n<p>Entre os benef\u00edcios dessa parceria est\u00e1 o trabalho conjunto para disponibilizar servi\u00e7os a popula\u00e7\u00e3o de Penedo.<\/p>\n<p>Um dos frutos dessa parceria \u00e9 a realiza\u00e7\u00e3o de est\u00e1gios na Prefeitura de Penedo, para os alunos da institui\u00e7\u00e3o.<\/p>\n<p>O Secret\u00e1rio de Desenvolvimento Econ\u00f4mico e Turismo Pedro Soares participou da reuni\u00e3o e comemorou a concretiza\u00e7\u00e3o dessa parceria.<\/p>\n<p>Para Pedro Soares, esse acordo de coopera\u00e7\u00e3o t\u00e9cnica entre o IFAL e \u00e0 prefeitura, propicia apoio m\u00fatuo em diversas \u00e1reas que o IFAL atua.<\/p>\n<p>\u201c\u00c9 de suma import\u00e2ncia para alunos do Instituto e a gest\u00e3o p\u00fablica municipal, que juntos disponibilizaram melhores servi\u00e7os \u00e0 popula\u00e7\u00e3o de Penedo\u201d, destacou o Secret\u00e1rio de Desenvolvimento Econ\u00f4mico e Turismo.<\/p>\n<p>Possibilitando tamb\u00e9m a contrata\u00e7\u00e3o de estagi\u00e1rios por parte da prefeitura, para atuar nos diversos setores da administra\u00e7\u00e3o p\u00fablica.<\/p>\n<p>&nbsp;<\/p>\n<p><strong>por Thiago Sobral &#8211; Decom PMP<\/strong><\/p>\n<p>&nbsp;<\/p>\n","protected":false},"excerpt":{"rendered":"<p>O Prefeito de Penedo Ronaldo Lopes assinou juntamente com o reitor do IFAL- Instituto Federal de Alagoas, Carlos Guedes, um conv\u00eanio de coopera\u00e7\u00e3o t\u00e9cnica entre a Prefeitura de Penedo e o IFAL. Entre os benef\u00edcios dessa parceria est\u00e1 o trabalho conjunto para disponibilizar servi\u00e7os a popula\u00e7\u00e3o de Penedo. Um dos frutos dessa parceria \u00e9 a &hellip;<\/p>\n","protected":false},"author":1,"featured_media":16610,"comment_status":"closed","ping_status":"closed","sticky":false,"template":"","format":"standard","meta":{"_jetpack_newsletter_access":"","_jetpack_dont_email_post_to_subs":false,"_jetpack_newsletter_tier_id":0,"_jetpack_memberships_contains_paywalled_content":false,"_jetpack_memberships_contains_paid_content":false,"footnotes":""},"categories":[1],"tags":[],"class_list":["post-16609","post","type-post","status-publish","format-standard","has-post-thumbnail","hentry","category-destaque"],"jetpack_sharing_enabled":true,"jetpack_featured_media_url":"","_links":{"self":[{"href":"https:\/\/www.oparanews.com.br\/index.php\/wp-json\/wp\/v2\/posts\/16609","targetHints":{"allow":["GET"]}}],"collection":[{"href":"https:\/\/www.oparanews.com.br\/index.php\/wp-json\/wp\/v2\/posts"}],"about":[{"href":"https:\/\/www.oparanews.com.br\/index.php\/wp-json\/wp\/v2\/types\/post"}],"author":[{"embeddable":true,"href":"https:\/\/www.oparanews.com.br\/index.php\/wp-json\/wp\/v2\/users\/1"}],"replies":[{"embeddable":true,"href":"https:\/\/www.oparanews.com.br\/index.php\/wp-json\/wp\/v2\/comments?post=16609"}],"version-history":[{"count":0,"href":"https:\/\/www.oparanews.com.br\/index.php\/wp-json\/wp\/v2\/posts\/16609\/revisions"}],"wp:attachment":[{"href":"https:\/\/www.oparanews.com.br\/index.php\/wp-json\/wp\/v2\/media?parent=16609"}],"wp:term":[{"taxonomy":"category","embeddable":true,"href":"https:\/\/www.oparanews.com.br\/index.php\/wp-json\/wp\/v2\/categories?post=16609"},{"taxonomy":"post_tag","embeddable":true,"href":"https:\/\/www.oparanews.com.br\/index.php\/wp-json\/wp\/v2\/tags?post=16609"}],"curies":[{"name":"wp","href":"https:\/\/api.w.org\/{rel}","templated":true}]}}