{"id":16612,"date":"2021-06-15T14:09:57","date_gmt":"2021-06-15T14:09:57","guid":{"rendered":"https:\/\/oparanews.com.br\/?p=16612"},"modified":"2021-06-15T14:09:57","modified_gmt":"2021-06-15T14:09:57","slug":"sao-luis-imuniza-jovens-e-ja-registra-turismo-da-vacina","status":"publish","type":"post","link":"https:\/\/www.oparanews.com.br\/index.php\/2021\/06\/15\/sao-luis-imuniza-jovens-e-ja-registra-turismo-da-vacina\/","title":{"rendered":"S\u00e3o Lu\u00eds imuniza jovens e j\u00e1 registra &#8220;turismo da vacina&#8221;"},"content":{"rendered":"<p>A vacina\u00e7\u00e3o contra covid-19 para jovens sem comorbidades com menos de 30 anos j\u00e1 \u00e9 uma realidade no Maranh\u00e3o. A Prefeitura de S\u00e3o Lu\u00eds anunciou o cadastro para pessoas a partir de 25 anos para serem vacinadas nesta semana. Al\u00e9m disso, o governo do Maranh\u00e3o iniciou na sexta-feira, 11, a imuniza\u00e7\u00e3o de pessoas com 29 anos em quatro munic\u00edpios: S\u00e3o Lu\u00eds, S\u00e3o Jos\u00e9 de Ribamar, Pa\u00e7o do Lumiar e Raposa.<\/p>\n<p>O secret\u00e1rio municipal de Sa\u00fade de S\u00e3o Lu\u00eds, Joel J\u00fanior, disse que a inten\u00e7\u00e3o \u00e9 aplicar a primeira dose em todos ludovicenses com mais 18 anos at\u00e9 o dia 10 de agosto. O munic\u00edpio foi beneficiado com uma remessa extra de imunizantes no dia 24 de maio em decorr\u00eancia do achado da cepa indiana na capital.<\/p>\n<p>O movimento est\u00e1 criando o chamado &#8220;turismo da vacina&#8221; no Estado. Saulo Aires, de 35 anos, maranhense, mas que mora em S\u00e3o Paulo, disse que viajou at\u00e9 S\u00e3o Lu\u00eds para se vacinar.<\/p>\n<p>M\u00f4nica Sant\u00b4Ana, de Vilhena, em Rond\u00f4nia, fez o mesmo. Com 49 anos, ele recebeu a primeira dose na capital maranhense, mas n\u00e3o sabe se vai conseguir tomar a segunda em sua cidade. &#8220;O meu medo agora \u00e9 n\u00e3o conseguir me vacinar l\u00e1, devido ao atraso.&#8221;<\/p>\n<p>Engenheiros, profissionais da sa\u00fade, educa\u00e7\u00e3o, seguran\u00e7a, comunica\u00e7\u00e3o social, ind\u00fastrias, constru\u00e7\u00e3o civil, rodovi\u00e1rios, aerovi\u00e1rios e ferrovi\u00e1rios j\u00e1 foram imunizados no Maranh\u00e3o. Outras cidades do Estado anunciaram vacina\u00e7\u00e3o para o p\u00fablico at\u00e9 mais novo, a partir de 18 anos, como Alc\u00e2ntara e Lago da Pedra.<\/p>\n<p>&nbsp;<\/p>\n<p><strong>por Diego Emir &#8211; Terra<\/strong><\/p>\n<p>&nbsp;<\/p>\n","protected":false},"excerpt":{"rendered":"<p>A vacina\u00e7\u00e3o contra covid-19 para jovens sem comorbidades com menos de 30 anos j\u00e1 \u00e9 uma realidade no Maranh\u00e3o. A Prefeitura de S\u00e3o Lu\u00eds anunciou o cadastro para pessoas a partir de 25 anos para serem vacinadas nesta semana. Al\u00e9m disso, o governo do Maranh\u00e3o iniciou na sexta-feira, 11, a imuniza\u00e7\u00e3o de pessoas com 29 &hellip;<\/p>\n","protected":false},"author":1,"featured_media":16613,"comment_status":"closed","ping_status":"closed","sticky":false,"template":"","format":"standard","meta":{"_jetpack_newsletter_access":"","_jetpack_dont_email_post_to_subs":false,"_jetpack_newsletter_tier_id":0,"_jetpack_memberships_contains_paywalled_content":false,"_jetpack_memberships_contains_paid_content":false,"footnotes":""},"categories":[1],"tags":[],"class_list":["post-16612","post","type-post","status-publish","format-standard","has-post-thumbnail","hentry","category-destaque"],"jetpack_sharing_enabled":true,"jetpack_featured_media_url":"","_links":{"self":[{"href":"https:\/\/www.oparanews.com.br\/index.php\/wp-json\/wp\/v2\/posts\/16612","targetHints":{"allow":["GET"]}}],"collection":[{"href":"https:\/\/www.oparanews.com.br\/index.php\/wp-json\/wp\/v2\/posts"}],"about":[{"href":"https:\/\/www.oparanews.com.br\/index.php\/wp-json\/wp\/v2\/types\/post"}],"author":[{"embeddable":true,"href":"https:\/\/www.oparanews.com.br\/index.php\/wp-json\/wp\/v2\/users\/1"}],"replies":[{"embeddable":true,"href":"https:\/\/www.oparanews.com.br\/index.php\/wp-json\/wp\/v2\/comments?post=16612"}],"version-history":[{"count":0,"href":"https:\/\/www.oparanews.com.br\/index.php\/wp-json\/wp\/v2\/posts\/16612\/revisions"}],"wp:attachment":[{"href":"https:\/\/www.oparanews.com.br\/index.php\/wp-json\/wp\/v2\/media?parent=16612"}],"wp:term":[{"taxonomy":"category","embeddable":true,"href":"https:\/\/www.oparanews.com.br\/index.php\/wp-json\/wp\/v2\/categories?post=16612"},{"taxonomy":"post_tag","embeddable":true,"href":"https:\/\/www.oparanews.com.br\/index.php\/wp-json\/wp\/v2\/tags?post=16612"}],"curies":[{"name":"wp","href":"https:\/\/api.w.org\/{rel}","templated":true}]}}