{"id":16620,"date":"2021-06-16T12:18:20","date_gmt":"2021-06-16T12:18:20","guid":{"rendered":"https:\/\/oparanews.com.br\/?p=16620"},"modified":"2021-06-16T12:18:20","modified_gmt":"2021-06-16T12:18:20","slug":"bolsa-de-r300-esta-praticamente-acertado-diz-bolsonaro","status":"publish","type":"post","link":"https:\/\/www.oparanews.com.br\/index.php\/2021\/06\/16\/bolsa-de-r300-esta-praticamente-acertado-diz-bolsonaro\/","title":{"rendered":"Bolsa de R$300 est\u00e1 &#8220;praticamente acertado&#8221;, diz Bolsonaro"},"content":{"rendered":"<p>O valor m\u00e9dio do Bolsa Fam\u00edlia dever\u00e1 subir para 300 reais a partir de dezembro, disse na ter\u00e7a-feira o presidente Jair Bolsonaro, em entrevista \u00e0 emissora SIC TV, afiliada da TV Record em Rond\u00f4nia, na qual acrescentou que a equipe econ\u00f4mica liderada pelo ministro da Economia, Paulo Guedes, praticamente j\u00e1 bateu o martelo sobre o novo valor.<\/p>\n<p>Na entrevista, o presidente tamb\u00e9m disse que o aux\u00edlio emergencial, pago aos vulner\u00e1veis durante a pandemia de covid-19, deve ser prorrogado em dois ou tr\u00eas meses e afirmou ainda que Guedes estuda o fim do Imposto sobre Produtos Industrializados (IPI) e busca uma maneira de compensar o fim do tributo.<\/p>\n<p>&#8220;No tocante ao Bolsa Fam\u00edlia, tivemos uma infla\u00e7\u00e3o durante a pandemia nos produtos da cesta b\u00e1sica em torno de 14% &#8211;teve item que subiu at\u00e9 50%, sabemos disso da\u00ed&#8211; e no tocante ao Bolsa Fam\u00edlia, a ideia \u00e9 dar um aumento de 50% a partir de dezembro, para sair de, em m\u00e9dia 190 (reais) para 300 reais. \u00c9 isso que est\u00e1 praticamente acertado aqui&#8221;, disse o presidente.<\/p>\n<p>&#8220;A equipe econ\u00f4mica praticamente j\u00e1 bateu o martelo desse Bolsa Fam\u00edlia a partir de dezembro, de 300 reais em m\u00e9dia&#8221;, acrescentou.<\/p>\n<p>O presidente tamb\u00e9m afirmou que o aux\u00edlio emergencial deve ser novamente prorrogado e lembrou que, por se tratar de uma situa\u00e7\u00e3o de emerg\u00eancia gerada pela pandemia de covid-19, os gastos com o benef\u00edcio ficam fora do teto de gastos.<\/p>\n<p>&#8220;Na situa\u00e7\u00e3o de emerg\u00eancia que vivemos, no tocante ao aux\u00edlio emergencial, voc\u00ea pode gastar um pouco mais sem se enquadrar no teto isso&#8221;, disse.<\/p>\n<p>&#8220;J\u00e1 est\u00e1 definido mais duas ou tr\u00eas parcelas, s\u00f3 est\u00e1 faltando esse finalmente a\u00ed, de aux\u00edlio emergencial de m\u00e9dia de 250 reais.&#8221;<\/p>\n<p>Bolsonaro afirmou ainda que o fim do IPI pode fazer parte de uma proposta de reforma tribut\u00e1ria e que o assunto vem sendo estudado por Guedes e sua equipe.<\/p>\n<p>&#8220;O Paulo Guedes tem estudado uma maneira de acabar com o IPI. Esse Imposto sobre Produtos Industrializados \u00e9 muito alto no Brasil, geladeira, fog\u00e3o, bicicleta. Obviamente com uma compensa\u00e7\u00e3o de outro lado&#8221;, afirmou.<\/p>\n<p>Procurados, o Pal\u00e1cio do Planalto e o Minist\u00e9rio da Economia n\u00e3o responderam imediatamente aos pedidos de coment\u00e1rios sobre as falas do presidente.<\/p>\n<p>Nesta quarta, reportagem do jornal O Estado de S. Paulo afirmou que a equipe econ\u00f4mica foi surpreendida pela declara\u00e7\u00e3o de Bolsonaro sobre a eleva\u00e7\u00e3o do valor do Bolsa Fam\u00edlia, pois o valor n\u00e3o caberia dentro do teto de gastos.<\/p>\n<p>&nbsp;<\/p>\n<p><strong>por Eduardo Sim\u00f5es e Carolina Mandl\/Terra<\/strong><\/p>\n<p>&nbsp;<\/p>\n","protected":false},"excerpt":{"rendered":"<p>O valor m\u00e9dio do Bolsa Fam\u00edlia dever\u00e1 subir para 300 reais a partir de dezembro, disse na ter\u00e7a-feira o presidente Jair Bolsonaro, em entrevista \u00e0 emissora SIC TV, afiliada da TV Record em Rond\u00f4nia, na qual acrescentou que a equipe econ\u00f4mica liderada pelo ministro da Economia, Paulo Guedes, praticamente j\u00e1 bateu o martelo sobre o &hellip;<\/p>\n","protected":false},"author":1,"featured_media":16621,"comment_status":"closed","ping_status":"closed","sticky":false,"template":"","format":"standard","meta":{"_jetpack_newsletter_access":"","_jetpack_dont_email_post_to_subs":false,"_jetpack_newsletter_tier_id":0,"_jetpack_memberships_contains_paywalled_content":false,"_jetpack_memberships_contains_paid_content":false,"footnotes":""},"categories":[1],"tags":[],"class_list":["post-16620","post","type-post","status-publish","format-standard","has-post-thumbnail","hentry","category-destaque"],"jetpack_sharing_enabled":true,"jetpack_featured_media_url":"","_links":{"self":[{"href":"https:\/\/www.oparanews.com.br\/index.php\/wp-json\/wp\/v2\/posts\/16620","targetHints":{"allow":["GET"]}}],"collection":[{"href":"https:\/\/www.oparanews.com.br\/index.php\/wp-json\/wp\/v2\/posts"}],"about":[{"href":"https:\/\/www.oparanews.com.br\/index.php\/wp-json\/wp\/v2\/types\/post"}],"author":[{"embeddable":true,"href":"https:\/\/www.oparanews.com.br\/index.php\/wp-json\/wp\/v2\/users\/1"}],"replies":[{"embeddable":true,"href":"https:\/\/www.oparanews.com.br\/index.php\/wp-json\/wp\/v2\/comments?post=16620"}],"version-history":[{"count":0,"href":"https:\/\/www.oparanews.com.br\/index.php\/wp-json\/wp\/v2\/posts\/16620\/revisions"}],"wp:attachment":[{"href":"https:\/\/www.oparanews.com.br\/index.php\/wp-json\/wp\/v2\/media?parent=16620"}],"wp:term":[{"taxonomy":"category","embeddable":true,"href":"https:\/\/www.oparanews.com.br\/index.php\/wp-json\/wp\/v2\/categories?post=16620"},{"taxonomy":"post_tag","embeddable":true,"href":"https:\/\/www.oparanews.com.br\/index.php\/wp-json\/wp\/v2\/tags?post=16620"}],"curies":[{"name":"wp","href":"https:\/\/api.w.org\/{rel}","templated":true}]}}