{"id":16629,"date":"2021-06-16T12:28:01","date_gmt":"2021-06-16T12:28:01","guid":{"rendered":"https:\/\/oparanews.com.br\/?p=16629"},"modified":"2021-06-16T12:28:01","modified_gmt":"2021-06-16T12:28:01","slug":"mg-betim-anuncia-vacinacao-de-estudantes-de-12-a-14-anos","status":"publish","type":"post","link":"https:\/\/www.oparanews.com.br\/index.php\/2021\/06\/16\/mg-betim-anuncia-vacinacao-de-estudantes-de-12-a-14-anos\/","title":{"rendered":"MG: Betim anuncia vacina\u00e7\u00e3o de estudantes de 12 a 14 anos"},"content":{"rendered":"<p>Em uma medida in\u00e9dita no Pa\u00eds, a prefeitura de Betim, na Grande Belo Horizonte, decidiu aplicar a vacina da Pfizer contra a covid-19 em estudantes de 12 a 14 anos da rede p\u00fablica municipal a partir desta quarta-feira, 16.<\/p>\n<p>A mudan\u00e7a de rumo em rela\u00e7\u00e3o ao Programa Nacional de Imuniza\u00e7\u00e3o, que orienta a vacina\u00e7\u00e3o com base nas idades mais avan\u00e7adas e em grupos com comorbidades, ocorre quatro dias ap\u00f3s a autoriza\u00e7\u00e3o pela Anvisa de uso do imunizante em adolescentes de 12 a 15 anos no Brasil.<\/p>\n<p>&#8220;Na escala de grupos de risco, n\u00f3s estamos em dia em Betim. Recebemos um lote de 6 mil doses que correspondem a cerca de 50% do grupo do ensino fundamental. Estamos prevendo receber um outro lote na pr\u00f3xima semana, decidimos reservar esses lotes da Pfizer, \u00fanica homologada para essa idade de 12 a 14 anos, para poder garantir a volta \u00e0s aulas 100% segura&#8221;, disse o prefeito de Betim, Vittorio Medioli, ao Estad\u00e3o.<\/p>\n<p>A medida recebeu cr\u00edticas. A consultora da Sociedade Brasileira de Infectologia Raquel Stucci, professora da Unicamp, condenou o que chama de &#8220;descontrole na pol\u00edtica de vacina\u00e7\u00e3o no Pa\u00eds&#8221; e considerou a a\u00e7\u00e3o da Prefeitura de Betim &#8220;equivocada&#8221;.<\/p>\n<p>&#8220;\u00c9 certo que n\u00f3s temos um total descontrole na imuniza\u00e7\u00e3o no Pa\u00eds, h\u00e1 munic\u00edpios em que n\u00e3o completaram nem a primeira dose nos grupos de risco. A impress\u00e3o que eu tenho \u00e9 que a cidade optou por desviar (vacinas), eu tenho dificuldade de aceitar. Acho que eles est\u00e3o absolutamente equivocados sobre a import\u00e2ncia dessa faixa et\u00e1ria como prioridade para vacina\u00e7\u00e3o&#8221;, disse a especialista.<\/p>\n<p>Raquel Stucci afirmou ainda que o ideal seria que o munic\u00edpio, que atualmente vacina pessoas na faixa et\u00e1ria dos 59 anos, inclu\u00edsse no calend\u00e1rio cidad\u00e3os com idade imediatamente inferior. &#8220;S\u00e3o essas pessoas que est\u00e3o lotando os hospitais&#8221;, comentou.<\/p>\n<p>Ap\u00f3s ouvir a infectologista, a reportagem procurou novamente o prefeito de Betim para que comentasse as cr\u00edticas. Ele negou que esteja ocorrendo um &#8220;desvio&#8221; de doses e disse que a vacina\u00e7\u00e3o dos outros grupos prossegue. &#8220;N\u00f3s estamos descendo de 59 anos e estamos subindo agora com os adolescentes. Estamos numa guerra contra o v\u00edrus e entendemos que a nossa estrat\u00e9gia est\u00e1 dentro da lei&#8221;, afirmou Medioli.<\/p>\n<p>&#8220;Temos uma preocupa\u00e7\u00e3o real em garantir uma volta \u00e0s aulas 100% segura. Esses meninos s\u00e3o os maiores vetores e s\u00e3o assintom\u00e1ticos. Al\u00e9m disso, est\u00e3o na faixa et\u00e1ria do maior \u00edndice de analfabetismo funcional e j\u00e1 perderam um ano inteiro&#8221;, justifica o prefeito de Betim.<\/p>\n<p>A expectativa do munic\u00edpio \u00e9 vacinar todos os 18 mil alunos com a primeira dose em tr\u00eas semanas &#8211; 700 s\u00e3o da rede particular e 4 mil da estadual. O retorno semipresencial dos alunos \u00e0s escolas de Betim est\u00e1 programado para agosto.<\/p>\n<p>Em nota, o Minist\u00e9rio da Sa\u00fade informa que &#8220;a amplia\u00e7\u00e3o da vacina\u00e7\u00e3o para adolescentes a partir dos 12 anos, com o imunizante da Pfizer, est\u00e1 em discuss\u00e3o na C\u00e2mara T\u00e9cnica Assessora em Imuniza\u00e7\u00e3o e Doen\u00e7as Transmiss\u00edveis&#8221;.<\/p>\n<p>No texto, a pasta &#8220;refor\u00e7a que, neste momento, a prioridade \u00e9 vacinar todos os grupos priorit\u00e1rios estipulados pelo Plano Nacional de Operacionaliza\u00e7\u00e3o da Vacina\u00e7\u00e3o contra a Covid-19 e imunizar toda a popula\u00e7\u00e3o acima de 18 anos&#8221;. No entanto, os gestores locais do SUS t\u00eam autonomia para seguir com a pr\u00f3pria estrat\u00e9gia de vacina\u00e7\u00e3o.<\/p>\n<p>M\u00e3e de Jo\u00e3o Gabriel Rodrigues Nani, 12 anos, a bi\u00f3loga e servidora p\u00fablica La\u00eds Sabrina de Melo Rodrigues, defende a inclus\u00e3o dos adolescentes no programa. &#8220;A vacina traz esperan\u00e7a, n\u00e3o acho que esteja desfavorecendo outros grupos&#8221;, disse ela. Sem comorbidade, Jo\u00e3o Gabriel \u00e9 aluno da rede municipal de Betim e deve ser vacinado na pr\u00f3xima semana em fun\u00e7\u00e3o da regi\u00e3o onde estuda.<\/p>\n<p>&#8220;Temos visto jovens e idosos saud\u00e1veis morrendo de doen\u00e7a, a vacina tem que chegar para todos. Isso aumenta a esperan\u00e7a da gente de deixar os meninos voltarem pra escola&#8221;, argumenta La\u00eds.<\/p>\n<p>&nbsp;<\/p>\n<p><strong>por Aline Reskalla\/Terra<\/strong><\/p>\n<p>&nbsp;<\/p>\n","protected":false},"excerpt":{"rendered":"<p>Em uma medida in\u00e9dita no Pa\u00eds, a prefeitura de Betim, na Grande Belo Horizonte, decidiu aplicar a vacina da Pfizer contra a covid-19 em estudantes de 12 a 14 anos da rede p\u00fablica municipal a partir desta quarta-feira, 16. A mudan\u00e7a de rumo em rela\u00e7\u00e3o ao Programa Nacional de Imuniza\u00e7\u00e3o, que orienta a vacina\u00e7\u00e3o com &hellip;<\/p>\n","protected":false},"author":1,"featured_media":16630,"comment_status":"closed","ping_status":"closed","sticky":false,"template":"","format":"standard","meta":{"_jetpack_newsletter_access":"","_jetpack_dont_email_post_to_subs":false,"_jetpack_newsletter_tier_id":0,"_jetpack_memberships_contains_paywalled_content":false,"_jetpack_memberships_contains_paid_content":false,"footnotes":""},"categories":[1],"tags":[],"class_list":["post-16629","post","type-post","status-publish","format-standard","has-post-thumbnail","hentry","category-destaque"],"jetpack_sharing_enabled":true,"jetpack_featured_media_url":"","_links":{"self":[{"href":"https:\/\/www.oparanews.com.br\/index.php\/wp-json\/wp\/v2\/posts\/16629","targetHints":{"allow":["GET"]}}],"collection":[{"href":"https:\/\/www.oparanews.com.br\/index.php\/wp-json\/wp\/v2\/posts"}],"about":[{"href":"https:\/\/www.oparanews.com.br\/index.php\/wp-json\/wp\/v2\/types\/post"}],"author":[{"embeddable":true,"href":"https:\/\/www.oparanews.com.br\/index.php\/wp-json\/wp\/v2\/users\/1"}],"replies":[{"embeddable":true,"href":"https:\/\/www.oparanews.com.br\/index.php\/wp-json\/wp\/v2\/comments?post=16629"}],"version-history":[{"count":0,"href":"https:\/\/www.oparanews.com.br\/index.php\/wp-json\/wp\/v2\/posts\/16629\/revisions"}],"wp:attachment":[{"href":"https:\/\/www.oparanews.com.br\/index.php\/wp-json\/wp\/v2\/media?parent=16629"}],"wp:term":[{"taxonomy":"category","embeddable":true,"href":"https:\/\/www.oparanews.com.br\/index.php\/wp-json\/wp\/v2\/categories?post=16629"},{"taxonomy":"post_tag","embeddable":true,"href":"https:\/\/www.oparanews.com.br\/index.php\/wp-json\/wp\/v2\/tags?post=16629"}],"curies":[{"name":"wp","href":"https:\/\/api.w.org\/{rel}","templated":true}]}}