{"id":16632,"date":"2021-06-16T12:29:21","date_gmt":"2021-06-16T12:29:21","guid":{"rendered":"https:\/\/oparanews.com.br\/?p=16632"},"modified":"2021-06-16T12:29:21","modified_gmt":"2021-06-16T12:29:21","slug":"coleta-seletiva-de-lixo-em-penedo-deve-ter-inicio-em-setembro","status":"publish","type":"post","link":"https:\/\/www.oparanews.com.br\/index.php\/2021\/06\/16\/coleta-seletiva-de-lixo-em-penedo-deve-ter-inicio-em-setembro\/","title":{"rendered":"Coleta seletiva de lixo em Penedo deve ter in\u00edcio em setembro"},"content":{"rendered":"<p>Penedo se prepara para alcan\u00e7ar mais um avan\u00e7o de amplo alcance social para toda a popula\u00e7\u00e3o. O munic\u00edpio est\u00e1 com seu plano de a\u00e7\u00e3o pronto para fazer a coleta seletiva de lixo, trabalho cuja previs\u00e3o de in\u00edcio \u00e9 a segunda quinzena do m\u00eas de setembro.<\/p>\n<p>O planejamento da Prefeitura de Penedo \u00e9 coordenado pela Secretaria Municipal de Meio Ambiente e Recursos H\u00eddricos (SEMARH), pasta que atua em parceria com \u00f3rg\u00e3os estaduais e apoio do Sebrae.<\/p>\n<p>Representantes da gest\u00e3o Crescendo Com Seu Povo, liderados pelo Prefeito Ronaldo Lopes, participaram nesta ter\u00e7a-feira, 15, de videoconfer\u00eancia sobre a iniciativa que, a princ\u00edpio, mobilizar\u00e1 todos os setores da prefeitura.<\/p>\n<p>A separa\u00e7\u00e3o dos chamados res\u00edduos s\u00f3lidos \u2013 principalmente papel e pl\u00e1stico \u2013 tamb\u00e9m ser\u00e1 implantada no com\u00e9rcio e no Centro Hist\u00f3rico de Penedo, inclusive por meio de campanha educativa para a coleta que ser\u00e1 feita porta a porta.<\/p>\n<p>O recolhimento ser\u00e1 desenvolvido por meio de associa\u00e7\u00e3o de catadores de res\u00edduos s\u00f3lidos, entidade em processo de organiza\u00e7\u00e3o, sob orienta\u00e7\u00e3o do Sebrae, que visa assegurar emprego e renda aos participantes e melhor qualidade de vida para a popula\u00e7\u00e3o.<\/p>\n<p>O munic\u00edpio gastar\u00e1 menos com o transporte e todo custo relacionado com a obrigatoriedade de levar o lixo at\u00e9 a empresa habilitada para fazer a reciclagem, localizada em Cra\u00edbas, cidade do Agreste alagoano.<\/p>\n<p>&nbsp;<\/p>\n<p><strong>por Fernando Vin\u00edcius \u2013 Decom PMP<\/strong><\/p>\n<p>&nbsp;<\/p>\n","protected":false},"excerpt":{"rendered":"<p>Penedo se prepara para alcan\u00e7ar mais um avan\u00e7o de amplo alcance social para toda a popula\u00e7\u00e3o. O munic\u00edpio est\u00e1 com seu plano de a\u00e7\u00e3o pronto para fazer a coleta seletiva de lixo, trabalho cuja previs\u00e3o de in\u00edcio \u00e9 a segunda quinzena do m\u00eas de setembro. O planejamento da Prefeitura de Penedo \u00e9 coordenado pela Secretaria &hellip;<\/p>\n","protected":false},"author":1,"featured_media":16633,"comment_status":"closed","ping_status":"closed","sticky":false,"template":"","format":"standard","meta":{"_jetpack_newsletter_access":"","_jetpack_dont_email_post_to_subs":false,"_jetpack_newsletter_tier_id":0,"_jetpack_memberships_contains_paywalled_content":false,"_jetpack_memberships_contains_paid_content":false,"footnotes":""},"categories":[1],"tags":[],"class_list":["post-16632","post","type-post","status-publish","format-standard","has-post-thumbnail","hentry","category-destaque"],"jetpack_sharing_enabled":true,"jetpack_featured_media_url":"","_links":{"self":[{"href":"https:\/\/www.oparanews.com.br\/index.php\/wp-json\/wp\/v2\/posts\/16632","targetHints":{"allow":["GET"]}}],"collection":[{"href":"https:\/\/www.oparanews.com.br\/index.php\/wp-json\/wp\/v2\/posts"}],"about":[{"href":"https:\/\/www.oparanews.com.br\/index.php\/wp-json\/wp\/v2\/types\/post"}],"author":[{"embeddable":true,"href":"https:\/\/www.oparanews.com.br\/index.php\/wp-json\/wp\/v2\/users\/1"}],"replies":[{"embeddable":true,"href":"https:\/\/www.oparanews.com.br\/index.php\/wp-json\/wp\/v2\/comments?post=16632"}],"version-history":[{"count":0,"href":"https:\/\/www.oparanews.com.br\/index.php\/wp-json\/wp\/v2\/posts\/16632\/revisions"}],"wp:attachment":[{"href":"https:\/\/www.oparanews.com.br\/index.php\/wp-json\/wp\/v2\/media?parent=16632"}],"wp:term":[{"taxonomy":"category","embeddable":true,"href":"https:\/\/www.oparanews.com.br\/index.php\/wp-json\/wp\/v2\/categories?post=16632"},{"taxonomy":"post_tag","embeddable":true,"href":"https:\/\/www.oparanews.com.br\/index.php\/wp-json\/wp\/v2\/tags?post=16632"}],"curies":[{"name":"wp","href":"https:\/\/api.w.org\/{rel}","templated":true}]}}