{"id":16641,"date":"2021-06-16T13:14:51","date_gmt":"2021-06-16T13:14:51","guid":{"rendered":"https:\/\/oparanews.com.br\/?p=16641"},"modified":"2021-06-16T13:14:51","modified_gmt":"2021-06-16T13:14:51","slug":"penedo-e-a-primeira-cidade-do-brasil-a-utilizar-o-conect-sus","status":"publish","type":"post","link":"https:\/\/www.oparanews.com.br\/index.php\/2021\/06\/16\/penedo-e-a-primeira-cidade-do-brasil-a-utilizar-o-conect-sus\/","title":{"rendered":"Penedo \u00e9 a primeira cidade do Brasil a utilizar o Conect SUS"},"content":{"rendered":"<p>O Minist\u00e9rio da Sa\u00fade lan\u00e7ou o aplicativo Conecte SUS, ferramenta digital que disponibiliza o prontu\u00e1rio eletr\u00f4nico dos usu\u00e1rios do Sistema \u00danico de Sa\u00fade, tanto para o paciente quanto para o m\u00e9dico.<\/p>\n<p>Pela primeira vez no Brasil, a inova\u00e7\u00e3o foi utilizada em uma Unidade B\u00e1sica de Sa\u00fade (UBS), fato in\u00e9dito registrado em Penedo, no final da tarde desta ter\u00e7a-feira, 15.<\/p>\n<p>O m\u00e9dico Davi Barbosa de Brito \u00e9 o primeiro profissional de sua \u00e1rea a utilizar o Conect SUS.<\/p>\n<p>Na tela do computador do consult\u00f3rio da UBS Dr. Jairo Leite, situada no aterro da Lagoa do Oiteiro, o cl\u00ednico geral acessou os dados do paciente Greg\u00f3rio Messias da Silva, 78 anos.<\/p>\n<p>A disponibilidade do prontu\u00e1rio eletr\u00f4nico facilita a vida de quem precisa da assist\u00eancia e dos prestadores de servi\u00e7os, inclusive da rede privada. Todo o hist\u00f3rico de consultas, exames, medicamentos e procedimentos dos \u00faltimos dois anos est\u00e1 no Conect SUS.<\/p>\n<p><em><strong>E por que Penedo foi escolhida para o programa in\u00e9dito no Brasil?<\/strong><\/em><\/p>\n<p>\u201cN\u00f3s conseguimos esse feito in\u00e9dito no pa\u00eds porque todas as nossas 20 unidades da Estrat\u00e9gia de Sa\u00fade da Fam\u00edlia est\u00e3o informatizadas\u201d, explica o Secret\u00e1rio de Sa\u00fade Guilherme Lopes sobre o principal crit\u00e9rio t\u00e9cnico avaliado pelo Minist\u00e9rio da Sa\u00fade.<\/p>\n<p>O trabalho de informatiza\u00e7\u00e3o da rede come\u00e7ou durante a segunda gest\u00e3o do governo Marcius Beltr\u00e3o e Ronaldo Lopes, com o ent\u00e3o Secret\u00e1rio Pedro Madeiro.<\/p>\n<p>\u201cPenedo tem muito a agradecer pelo desenvolvimento de pol\u00edticas p\u00fablicas com responsabilidade e compromisso, vis\u00e3o administrativa que nos habilitou ao que estamos vendo acontecer hoje aqui\u201d, acrescentou Guilherme Lopes.<\/p>\n<p>Al\u00e9m de Penedo, somente o munic\u00edpio de Marechal Deodoro est\u00e1 habilitado ao uso imediato do Conect SUS. A mesma equipe que coordenou a utiliza\u00e7\u00e3o do aplicativo em Penedo estar\u00e1 na cidade hist\u00f3rica vizinha da capital alagoana ser\u00e1 visitada nesta quarta-feira, 16.<\/p>\n<p>Quem tamb\u00e9m vem conferir o avan\u00e7o tecnol\u00f3gico na rede p\u00fablica de sa\u00fade \u00e9 o pr\u00f3prio Ministro da Sa\u00fade, Marcelo Queiroga. O representante do governo federal estar\u00e1 em Alagoas no pr\u00f3ximo dia 02 de julho.<\/p>\n<p>&nbsp;<\/p>\n<p><strong>por Fernando Vin\u00edcius &#8211; Decom PMP<\/strong><\/p>\n<p>&nbsp;<\/p>\n","protected":false},"excerpt":{"rendered":"<p>O Minist\u00e9rio da Sa\u00fade lan\u00e7ou o aplicativo Conecte SUS, ferramenta digital que disponibiliza o prontu\u00e1rio eletr\u00f4nico dos usu\u00e1rios do Sistema \u00danico de Sa\u00fade, tanto para o paciente quanto para o m\u00e9dico. Pela primeira vez no Brasil, a inova\u00e7\u00e3o foi utilizada em uma Unidade B\u00e1sica de Sa\u00fade (UBS), fato in\u00e9dito registrado em Penedo, no final da &hellip;<\/p>\n","protected":false},"author":1,"featured_media":16642,"comment_status":"closed","ping_status":"closed","sticky":false,"template":"","format":"standard","meta":{"_jetpack_newsletter_access":"","_jetpack_dont_email_post_to_subs":false,"_jetpack_newsletter_tier_id":0,"_jetpack_memberships_contains_paywalled_content":false,"_jetpack_memberships_contains_paid_content":false,"footnotes":""},"categories":[1],"tags":[],"class_list":["post-16641","post","type-post","status-publish","format-standard","has-post-thumbnail","hentry","category-destaque"],"jetpack_sharing_enabled":true,"jetpack_featured_media_url":"","_links":{"self":[{"href":"https:\/\/www.oparanews.com.br\/index.php\/wp-json\/wp\/v2\/posts\/16641","targetHints":{"allow":["GET"]}}],"collection":[{"href":"https:\/\/www.oparanews.com.br\/index.php\/wp-json\/wp\/v2\/posts"}],"about":[{"href":"https:\/\/www.oparanews.com.br\/index.php\/wp-json\/wp\/v2\/types\/post"}],"author":[{"embeddable":true,"href":"https:\/\/www.oparanews.com.br\/index.php\/wp-json\/wp\/v2\/users\/1"}],"replies":[{"embeddable":true,"href":"https:\/\/www.oparanews.com.br\/index.php\/wp-json\/wp\/v2\/comments?post=16641"}],"version-history":[{"count":0,"href":"https:\/\/www.oparanews.com.br\/index.php\/wp-json\/wp\/v2\/posts\/16641\/revisions"}],"wp:attachment":[{"href":"https:\/\/www.oparanews.com.br\/index.php\/wp-json\/wp\/v2\/media?parent=16641"}],"wp:term":[{"taxonomy":"category","embeddable":true,"href":"https:\/\/www.oparanews.com.br\/index.php\/wp-json\/wp\/v2\/categories?post=16641"},{"taxonomy":"post_tag","embeddable":true,"href":"https:\/\/www.oparanews.com.br\/index.php\/wp-json\/wp\/v2\/tags?post=16641"}],"curies":[{"name":"wp","href":"https:\/\/api.w.org\/{rel}","templated":true}]}}