{"id":16653,"date":"2021-06-16T22:44:49","date_gmt":"2021-06-16T22:44:49","guid":{"rendered":"https:\/\/oparanews.com.br\/?p=16653"},"modified":"2021-06-16T22:44:49","modified_gmt":"2021-06-16T22:44:49","slug":"familiares-de-estudantes-da-escola-costa-mangabeira-recebem-kit-da-merenda-escolar","status":"publish","type":"post","link":"https:\/\/www.oparanews.com.br\/index.php\/2021\/06\/16\/familiares-de-estudantes-da-escola-costa-mangabeira-recebem-kit-da-merenda-escolar\/","title":{"rendered":"Familiares de estudantes da Escola Costa Mangabeira recebem kit da merenda escolar"},"content":{"rendered":"<p>\u201cGostei muito, s\u00e3o produtos de \u00f3tima qualidade, tudo chega fresquinho e verdinho, produzido por agricultores daqui de Penedo mesmo. Minha fam\u00edlia e vizinhos que tamb\u00e9m t\u00eam filhos nessa escola tamb\u00e9m receberam e ficaram muito felizes. Vai servir muito para todos n\u00f3s, principalmente nesse momento de pandemia\u201d, relata Rosana Vieira de Souza, membro de fam\u00edlia beneficiada em Penedo com kit da merenda escolar entregue pela Secretaria Municipal de Educa\u00e7\u00e3o \u2013 SEMED.<\/p>\n<p>A m\u00e3e de duas crian\u00e7as que estudam na Escola Municipal de Educa\u00e7\u00e3o B\u00e1sica Vereador Jos\u00e9 da Costa Mangabeira tamb\u00e9m elogiou a organiza\u00e7\u00e3o da entrega dos alimentos.<\/p>\n<p>Entre as medidas adotadas est\u00e3o a disponibiliza\u00e7\u00e3o de \u00e1lcool 70% e a divis\u00e3o dos respons\u00e1veis pelos alunos por hor\u00e1rio, o que evita aglomera\u00e7\u00f5es, assim como o cronograma dispon\u00edvel para a presta\u00e7\u00e3o desse servi\u00e7o.<\/p>\n<p>Com isso, a entrega pode ser feita de forma tranquila, com os beneficiados chegando aos poucos e sem a forma\u00e7\u00e3o de filas.<\/p>\n<p>Kits de merenda escolar<\/p>\n<p>Para a Diretora Adjunta da EMEB Costa Mangabeira Silvaneide Lisboa Pereira, os kits de merenda escolar suprem as necessidades alimentares de alunos e seus familiares, nesse momento dif\u00edcil de pandemia.<\/p>\n<p>Com a entrega de 778 kits ao total, o que atender\u00e1 a todos os alunos da institui\u00e7\u00e3o.<\/p>\n<p>Ela tamb\u00e9m afirma que toda a comunidade escolar da EMEB Costa Mangabeira est\u00e1 feliz com o trabalho da administra\u00e7\u00e3o do Prefeito Ronaldo Lopes, junto com a Secret\u00e1ria de Educa\u00e7\u00e3o Cintya Alves, destacando tamb\u00e9m que o kit \u00e9 bastante refor\u00e7ado em sua composi\u00e7\u00e3o, com alimentos analisados criteriosamente pelas nutricionistas da SEMED.<\/p>\n<p>Os alimentos que foram distribu\u00eddos foram comprados de agricultores familiares penedenses por meio do PNAE \u2013 Programa Nacional de Alimenta\u00e7\u00e3o Escolar e s\u00e3o entregues \u00e0s fam\u00edlias dos alunos devido a suspens\u00e3o das aulas presenciais por conta da pandemia de Covid-19.<\/p>\n<p>Sabendo da import\u00e2ncia da merenda escolar na alimenta\u00e7\u00e3o dos alunos, a gest\u00e3o Crescendo Com Seu Povo mant\u00e9m esse benef\u00edcio para as fam\u00edlias dos estudantes.<\/p>\n<p>Nas pr\u00f3ximas entregas, os kits de merenda escolar passar\u00e3o a contar com outros itens, contribuindo ainda mais com as necessidades tanto dos alunos, quanto de seus pais.<\/p>\n<p>&nbsp;<\/p>\n<p><strong>por Thiago Sobral &#8211; Decom (PMP)<\/strong><\/p>\n<p><a href=\"https:\/\/oparanews.com.br\/wp-content\/uploads\/2021\/06\/Sem-t\u00edtulo-147.jpg\"><img loading=\"lazy\" decoding=\"async\" class=\"alignleft size-medium wp-image-16655\" src=\"https:\/\/oparanews.com.br\/wp-content\/uploads\/2021\/06\/Sem-t\u00edtulo-147-300x200.jpg\" alt=\"\" width=\"300\" height=\"200\" \/><\/a><\/p>\n","protected":false},"excerpt":{"rendered":"<p>\u201cGostei muito, s\u00e3o produtos de \u00f3tima qualidade, tudo chega fresquinho e verdinho, produzido por agricultores daqui de Penedo mesmo. Minha fam\u00edlia e vizinhos que tamb\u00e9m t\u00eam filhos nessa escola tamb\u00e9m receberam e ficaram muito felizes. Vai servir muito para todos n\u00f3s, principalmente nesse momento de pandemia\u201d, relata Rosana Vieira de Souza, membro de fam\u00edlia beneficiada &hellip;<\/p>\n","protected":false},"author":1,"featured_media":16654,"comment_status":"closed","ping_status":"closed","sticky":false,"template":"","format":"standard","meta":{"_jetpack_newsletter_access":"","_jetpack_dont_email_post_to_subs":false,"_jetpack_newsletter_tier_id":0,"_jetpack_memberships_contains_paywalled_content":false,"_jetpack_memberships_contains_paid_content":false,"footnotes":""},"categories":[1],"tags":[],"class_list":["post-16653","post","type-post","status-publish","format-standard","has-post-thumbnail","hentry","category-destaque"],"jetpack_sharing_enabled":true,"jetpack_featured_media_url":"","_links":{"self":[{"href":"https:\/\/www.oparanews.com.br\/index.php\/wp-json\/wp\/v2\/posts\/16653","targetHints":{"allow":["GET"]}}],"collection":[{"href":"https:\/\/www.oparanews.com.br\/index.php\/wp-json\/wp\/v2\/posts"}],"about":[{"href":"https:\/\/www.oparanews.com.br\/index.php\/wp-json\/wp\/v2\/types\/post"}],"author":[{"embeddable":true,"href":"https:\/\/www.oparanews.com.br\/index.php\/wp-json\/wp\/v2\/users\/1"}],"replies":[{"embeddable":true,"href":"https:\/\/www.oparanews.com.br\/index.php\/wp-json\/wp\/v2\/comments?post=16653"}],"version-history":[{"count":0,"href":"https:\/\/www.oparanews.com.br\/index.php\/wp-json\/wp\/v2\/posts\/16653\/revisions"}],"wp:attachment":[{"href":"https:\/\/www.oparanews.com.br\/index.php\/wp-json\/wp\/v2\/media?parent=16653"}],"wp:term":[{"taxonomy":"category","embeddable":true,"href":"https:\/\/www.oparanews.com.br\/index.php\/wp-json\/wp\/v2\/categories?post=16653"},{"taxonomy":"post_tag","embeddable":true,"href":"https:\/\/www.oparanews.com.br\/index.php\/wp-json\/wp\/v2\/tags?post=16653"}],"curies":[{"name":"wp","href":"https:\/\/api.w.org\/{rel}","templated":true}]}}