{"id":16657,"date":"2021-06-16T22:50:13","date_gmt":"2021-06-16T22:50:13","guid":{"rendered":"https:\/\/oparanews.com.br\/?p=16657"},"modified":"2021-06-16T22:50:13","modified_gmt":"2021-06-16T22:50:13","slug":"saude-diz-que-vai-receber-15-mi-de-doses-da-pfizer","status":"publish","type":"post","link":"https:\/\/www.oparanews.com.br\/index.php\/2021\/06\/16\/saude-diz-que-vai-receber-15-mi-de-doses-da-pfizer\/","title":{"rendered":"Sa\u00fade diz que vai receber 15 mi de doses da Pfizer"},"content":{"rendered":"<p>O Minist\u00e9rio da Sa\u00fade informou nesta quarta-feira (16) diz que vai receber , em julho, 15 milh\u00f5es de doses da vacina da Pfizer contra a Covid-19. De acordo com a pasta, a previs\u00e3o inicial era de que 8 milh\u00f5es de doses chegassem no pr\u00f3ximo m\u00eas, mas, ap\u00f3s conversas com a farmac\u00eautica, o Brasil vai receber uma quantidade maior.<\/p>\n<p>O an\u00fancio ocorre dois dias ap\u00f3s uma reuni\u00e3o entre executivos da farmac\u00eautica e representantes do governo, entre eles o presidente Jair Bolsonaro. Acompanhado de ministros, Bolsonaro conversou por videoconfer\u00eancia com o presidente da farmac\u00eautica para a Am\u00e9rica Latina, Carlos Murillo.<\/p>\n<p>A Pfizer \u00e9 a empresa que teve ofertas de venda de vacinas contra Covid-19 rejeitadas pelo governo desde o segundo semestre de 2020. O governo afirma que o laborat\u00f3rio estabelecia condi\u00e7\u00f5es &#8220;draconianas&#8221; nos contratos. A principal queixa de Bolsonaro e do ent\u00e3o ministro da Sa\u00fade, Eduardo Pazuello, era a de que a Pfizer n\u00e3o se responsabiliza por eventuais efeitos colaterais da vacina.<\/p>\n<p>&nbsp;<\/p>\n<p><strong>Fonte: G1<\/strong><\/p>\n<p>&nbsp;<\/p>\n","protected":false},"excerpt":{"rendered":"<p>O Minist\u00e9rio da Sa\u00fade informou nesta quarta-feira (16) diz que vai receber , em julho, 15 milh\u00f5es de doses da vacina da Pfizer contra a Covid-19. De acordo com a pasta, a previs\u00e3o inicial era de que 8 milh\u00f5es de doses chegassem no pr\u00f3ximo m\u00eas, mas, ap\u00f3s conversas com a farmac\u00eautica, o Brasil vai receber &hellip;<\/p>\n","protected":false},"author":1,"featured_media":13461,"comment_status":"closed","ping_status":"closed","sticky":false,"template":"","format":"standard","meta":{"_jetpack_newsletter_access":"","_jetpack_dont_email_post_to_subs":false,"_jetpack_newsletter_tier_id":0,"_jetpack_memberships_contains_paywalled_content":false,"_jetpack_memberships_contains_paid_content":false,"footnotes":""},"categories":[1],"tags":[],"class_list":["post-16657","post","type-post","status-publish","format-standard","has-post-thumbnail","hentry","category-destaque"],"jetpack_sharing_enabled":true,"jetpack_featured_media_url":"","_links":{"self":[{"href":"https:\/\/www.oparanews.com.br\/index.php\/wp-json\/wp\/v2\/posts\/16657","targetHints":{"allow":["GET"]}}],"collection":[{"href":"https:\/\/www.oparanews.com.br\/index.php\/wp-json\/wp\/v2\/posts"}],"about":[{"href":"https:\/\/www.oparanews.com.br\/index.php\/wp-json\/wp\/v2\/types\/post"}],"author":[{"embeddable":true,"href":"https:\/\/www.oparanews.com.br\/index.php\/wp-json\/wp\/v2\/users\/1"}],"replies":[{"embeddable":true,"href":"https:\/\/www.oparanews.com.br\/index.php\/wp-json\/wp\/v2\/comments?post=16657"}],"version-history":[{"count":0,"href":"https:\/\/www.oparanews.com.br\/index.php\/wp-json\/wp\/v2\/posts\/16657\/revisions"}],"wp:attachment":[{"href":"https:\/\/www.oparanews.com.br\/index.php\/wp-json\/wp\/v2\/media?parent=16657"}],"wp:term":[{"taxonomy":"category","embeddable":true,"href":"https:\/\/www.oparanews.com.br\/index.php\/wp-json\/wp\/v2\/categories?post=16657"},{"taxonomy":"post_tag","embeddable":true,"href":"https:\/\/www.oparanews.com.br\/index.php\/wp-json\/wp\/v2\/tags?post=16657"}],"curies":[{"name":"wp","href":"https:\/\/api.w.org\/{rel}","templated":true}]}}