{"id":16661,"date":"2021-06-17T11:50:14","date_gmt":"2021-06-17T11:50:14","guid":{"rendered":"https:\/\/oparanews.com.br\/?p=16661"},"modified":"2021-06-17T11:50:14","modified_gmt":"2021-06-17T11:50:14","slug":"adolescente-sequestrada-por-homens-em-arapiraca-e-resgatada","status":"publish","type":"post","link":"https:\/\/www.oparanews.com.br\/index.php\/2021\/06\/17\/adolescente-sequestrada-por-homens-em-arapiraca-e-resgatada\/","title":{"rendered":"Adolescente sequestrada por homens em Arapiraca \u00e9 resgatada"},"content":{"rendered":"<p>A adolescente de 14 anos sequestrada por homens em Arapiraca foi resgatada, na noite desta quarta-feira (16), \u00e0s margens da rodovia AL-220, pr\u00f3ximo \u00e0 Usina Porto Rico, em Campo Alegre.<\/p>\n<p>Por telefone, a m\u00e3e de Mariana Santos da Silva Farias informou que j\u00e1 conseguiu falar com a filha e que uma equipe da pol\u00edcia foi busc\u00e1-la no local.<\/p>\n<p>Segundo a pol\u00edcia, que realizavam buscas na cidade desde o ocorrido, os suspeitos do sequestro foram encontrados e detidos. No momento, os acusados estavam armados e trocaram tiros com a pol\u00edcia. Na a\u00e7\u00e3o, tr\u00eas indiv\u00edduos morreram e dois foram presos.<\/p>\n<p>Pelo menos 14 equipes da Pol\u00edcia Militar e Civil, al\u00e9m de uma aeronave do Grupamento A\u00e9reo participaram das buscas para localizar o paradeiro de Mariada e dos indiv\u00edduos que participaram do crime.<\/p>\n<p>A adolescente foi sequestrada na manh\u00e3 desta quarta (16), no bairro Verdes Campos, por volta de 12h40, quando chegava da escola. Um v\u00eddeo gravado por c\u00e2meras de vigil\u00e2ncia registrou o momento.<\/p>\n<p><iframe loading=\"lazy\" title=\"V\u00eddeo mostra momento em que adolescente de 14 anos \u00e9 sequestrada em Arapiraca\" width=\"500\" height=\"281\" src=\"https:\/\/www.youtube.com\/embed\/XnDKf3WxWEM?feature=oembed\" frameborder=\"0\" allow=\"accelerometer; autoplay; clipboard-write; encrypted-media; gyroscope; picture-in-picture; web-share\" referrerpolicy=\"strict-origin-when-cross-origin\" allowfullscreen><\/iframe><\/p>\n<p>Nas imagens, que circulam nas redes sociais, a v\u00edtima aparece sendo retirada da resid\u00eancia onde mora por dois indiv\u00edduos. Em seguida, ela \u00e9 colocada dentro de uma autom\u00f3vel, modelo Onix na cor vermelho, e apreendem fuga. A pol\u00edcia segue investigando e realizando buscas para descobrir o paradeiro dos suspeitos e de Mariana.<\/p>\n<p>&nbsp;<\/p>\n<p><strong>por Rayssa Cavalcante\/Gazetaweb<\/strong><\/p>\n<p>&nbsp;<\/p>\n","protected":false},"excerpt":{"rendered":"<p>A adolescente de 14 anos sequestrada por homens em Arapiraca foi resgatada, na noite desta quarta-feira (16), \u00e0s margens da rodovia AL-220, pr\u00f3ximo \u00e0 Usina Porto Rico, em Campo Alegre. Por telefone, a m\u00e3e de Mariana Santos da Silva Farias informou que j\u00e1 conseguiu falar com a filha e que uma equipe da pol\u00edcia foi &hellip;<\/p>\n","protected":false},"author":1,"featured_media":16662,"comment_status":"closed","ping_status":"closed","sticky":false,"template":"","format":"standard","meta":{"_jetpack_newsletter_access":"","_jetpack_dont_email_post_to_subs":false,"_jetpack_newsletter_tier_id":0,"_jetpack_memberships_contains_paywalled_content":false,"_jetpack_memberships_contains_paid_content":false,"footnotes":""},"categories":[1],"tags":[],"class_list":["post-16661","post","type-post","status-publish","format-standard","has-post-thumbnail","hentry","category-destaque"],"jetpack_sharing_enabled":true,"jetpack_featured_media_url":"","_links":{"self":[{"href":"https:\/\/www.oparanews.com.br\/index.php\/wp-json\/wp\/v2\/posts\/16661","targetHints":{"allow":["GET"]}}],"collection":[{"href":"https:\/\/www.oparanews.com.br\/index.php\/wp-json\/wp\/v2\/posts"}],"about":[{"href":"https:\/\/www.oparanews.com.br\/index.php\/wp-json\/wp\/v2\/types\/post"}],"author":[{"embeddable":true,"href":"https:\/\/www.oparanews.com.br\/index.php\/wp-json\/wp\/v2\/users\/1"}],"replies":[{"embeddable":true,"href":"https:\/\/www.oparanews.com.br\/index.php\/wp-json\/wp\/v2\/comments?post=16661"}],"version-history":[{"count":0,"href":"https:\/\/www.oparanews.com.br\/index.php\/wp-json\/wp\/v2\/posts\/16661\/revisions"}],"wp:attachment":[{"href":"https:\/\/www.oparanews.com.br\/index.php\/wp-json\/wp\/v2\/media?parent=16661"}],"wp:term":[{"taxonomy":"category","embeddable":true,"href":"https:\/\/www.oparanews.com.br\/index.php\/wp-json\/wp\/v2\/categories?post=16661"},{"taxonomy":"post_tag","embeddable":true,"href":"https:\/\/www.oparanews.com.br\/index.php\/wp-json\/wp\/v2\/tags?post=16661"}],"curies":[{"name":"wp","href":"https:\/\/api.w.org\/{rel}","templated":true}]}}